{"id":1097,"date":"2020-01-15T21:30:48","date_gmt":"2020-01-15T21:30:48","guid":{"rendered":"http:\/\/forumdeficiencia.guimaraes.pt\/?p=1097"},"modified":"2020-01-15T21:39:08","modified_gmt":"2020-01-15T21:39:08","slug":"vitoria-e-white-angels-entregam-alimentos-as-instituicoes-vimaranenses","status":"publish","type":"post","link":"http:\/\/forumdeficiencia.guimaraes.pt\/?p=1097","title":{"rendered":"Vit\u00f3ria e White Angels entregam alimentos \u00e0s institui\u00e7\u00f5es vimaranenses"},"content":{"rendered":"<p>Al\u00e9m do triunfo por 2-0 frente ao Portimonense, a 08 de dezembro, o Vit\u00f3ria Sport Clube e os White Angels fizeram uma recolha de alimentos em troca de bilhetes para este jogo que resultou na obten\u00e7\u00e3o de mais de quatro toneladas de arroz, massa, a\u00e7\u00facar, sal e farinha, de 850 litros de leite, \u00f3leo e azeite e mais de tr\u00eas mil embalagens de cereais, conservas, sumos e artigos de higiene, para al\u00e9m de outros bens.<\/p>\n<p><!--more--><\/p>\n<p>Esta campanha de solidariedade que mobilizou tanto o clube como a claque aproveitou o esp\u00edrito solid\u00e1rio dos vitorianos e vimaranenses para contribu\u00edrem para um Natal mais feliz de quem mais precisa. \u201cA claque est\u00e1 e estar\u00e1 sempre dispon\u00edvel para desenvolver este tipo de iniciativas, sempre que as institui\u00e7\u00f5es pensem que podemos ser \u00fateis. Estamos abertos e solid\u00e1rios em apoiar no que for necess\u00e1rio\u201d, apontou o representante dos White Angels, Marco Talina, a 20 de dezembro durante a entrega simb\u00f3lica dos bens.<\/p>\n<p>A Cercigui foi uma das institui\u00e7\u00f5es sociais vimaranenses escolhidas para receber estas doa\u00e7\u00f5es. Nas redes sociais a institui\u00e7\u00e3o real\u00e7a os \u201cmomentos de ternura entre elementos da claque, do clube e das outras institui\u00e7\u00f5es presentes\u201d no evento da entrega de alimentos. \u201cUma terra amiga como \u00e9 Guimar\u00e3es merece sempre o melhor. Que em 2020 possamos todos continuar a fazer crescer este grande esp\u00edrito solid\u00e1rio que tanto nos carateriza\u201d, l\u00ea-se na p\u00e1gina do Facebook da Cercigui.<\/p>\n<p>Tamb\u00e9m os representantes das institui\u00e7\u00f5es de solidariedade social do Programa de Apoio Alimentar para as Pessoas Mais Carenciadas e os respons\u00e1veis pelo programa \u201cGuimar\u00e3es Acolhe\u201d estiveram presentes neste evento que contou com a presen\u00e7a do presidente da c\u00e2mara municipal, Domingos Bragan\u00e7a, do presidente do Vit\u00f3ria SC, Miguel Pinto Lisboa, e da vereadora da A\u00e7\u00e3o Social, Paula Oliveira.<\/p>\n<p><img loading=\"lazy\" decoding=\"async\" class=\"alignnone wp-image-1101\" src=\"http:\/\/forumdeficiencia.guimaraes.pt\/wp-content\/uploads\/2020\/01\/vitoriadonativos.fw_-300x171.png\" alt=\"\" width=\"804\" height=\"458\" srcset=\"http:\/\/forumdeficiencia.guimaraes.pt\/wp-content\/uploads\/2020\/01\/vitoriadonativos.fw_-300x171.png 300w, http:\/\/forumdeficiencia.guimaraes.pt\/wp-content\/uploads\/2020\/01\/vitoriadonativos.fw_-768x438.png 768w, http:\/\/forumdeficiencia.guimaraes.pt\/wp-content\/uploads\/2020\/01\/vitoriadonativos.fw_.png 1024w\" sizes=\"auto, (max-width: 804px) 100vw, 804px\" \/><\/p>\n<p>Segundo nota publicada no site do munic\u00edpio, Domingos Bragan\u00e7a destacou a a\u00e7\u00e3o das claques nesta \u00e1rea da solidariedade. \u201cQuando olhamos para a claque, percecionamos um conjunto de s\u00f3cios a viverem intensamente o seu clube neste caso o nosso Vit\u00f3ria, no entanto a nossa claque apresenta uma outra dimens\u00e3o que \u00e9 a dimens\u00e3o social de ajuda \u00e0s pessoas mais desfavorecidas, com um outro sentimento que \u00e9 o da generosidade. Est\u00e3o de parab\u00e9ns\u201d, salientou o presidente da c\u00e2mara municipal de Guimar\u00e3es.<\/p>\n","protected":false},"excerpt":{"rendered":"<p>Al\u00e9m do triunfo por 2-0 frente ao Portimonense, a 08 de dezembro, o Vit\u00f3ria Sport Clube e os White Angels fizeram uma recolha de alimentos em troca de bilhetes para este jogo que resultou na obten\u00e7\u00e3o de mais de quatro toneladas de arroz, massa, a\u00e7\u00facar, sal e farinha, de 850 litros de leite, \u00f3leo e [&hellip;]<\/p>\n","protected":false},"author":2,"featured_media":1099,"comment_status":"open","ping_status":"open","sticky":false,"template":"","format":"standard","meta":{"_monsterinsights_skip_tracking":false,"_monsterinsights_sitenote_active":false,"_monsterinsights_sitenote_note":"","_monsterinsights_sitenote_category":0,"footnotes":""},"categories":[3],"tags":[],"class_list":["post-1097","post","type-post","status-publish","format-standard","has-post-thumbnail","hentry","category-noticias"],"_links":{"self":[{"href":"http:\/\/forumdeficiencia.guimaraes.pt\/index.php?rest_route=\/wp\/v2\/posts\/1097","targetHints":{"allow":["GET"]}}],"collection":[{"href":"http:\/\/forumdeficiencia.guimaraes.pt\/index.php?rest_route=\/wp\/v2\/posts"}],"about":[{"href":"http:\/\/forumdeficiencia.guimaraes.pt\/index.php?rest_route=\/wp\/v2\/types\/post"}],"author":[{"embeddable":true,"href":"http:\/\/forumdeficiencia.guimaraes.pt\/index.php?rest_route=\/wp\/v2\/users\/2"}],"replies":[{"embeddable":true,"href":"http:\/\/forumdeficiencia.guimaraes.pt\/index.php?rest_route=%2Fwp%2Fv2%2Fcomments&post=1097"}],"version-history":[{"count":2,"href":"http:\/\/forumdeficiencia.guimaraes.pt\/index.php?rest_route=\/wp\/v2\/posts\/1097\/revisions"}],"predecessor-version":[{"id":1103,"href":"http:\/\/forumdeficiencia.guimaraes.pt\/index.php?rest_route=\/wp\/v2\/posts\/1097\/revisions\/1103"}],"wp:featuredmedia":[{"embeddable":true,"href":"http:\/\/forumdeficiencia.guimaraes.pt\/index.php?rest_route=\/wp\/v2\/media\/1099"}],"wp:attachment":[{"href":"http:\/\/forumdeficiencia.guimaraes.pt\/index.php?rest_route=%2Fwp%2Fv2%2Fmedia&parent=1097"}],"wp:term":[{"taxonomy":"category","embeddable":true,"href":"http:\/\/forumdeficiencia.guimaraes.pt\/index.php?rest_route=%2Fwp%2Fv2%2Fcategories&post=1097"},{"taxonomy":"post_tag","embeddable":true,"href":"http:\/\/forumdeficiencia.guimaraes.pt\/index.php?rest_route=%2Fwp%2Fv2%2Ftags&post=1097"}],"curies":[{"name":"wp","href":"https:\/\/api.w.org\/{rel}","templated":true}]}}