{"id":1932,"date":"2021-10-15T16:19:35","date_gmt":"2021-10-15T16:19:35","guid":{"rendered":"http:\/\/forumdeficiencia.guimaraes.pt\/?p=1932"},"modified":"2021-10-15T16:21:58","modified_gmt":"2021-10-15T16:21:58","slug":"o-pirilampo-magico-voltou","status":"publish","type":"post","link":"http:\/\/forumdeficiencia.guimaraes.pt\/?p=1932","title":{"rendered":"O Pirilampo M\u00e1gico voltou!"},"content":{"rendered":"<p>\u00c9 vermelho o Pirilampo M\u00e1gico da campanha de 2021 e \u00e9 hoje que come\u00e7a a ser vendidos por todo o pa\u00eds.<\/p>\n<p><!--more--><\/p>\n<p>Os \u2018bonequinhos\u2019 de olhos esbugalhados e antena luminosa, da campanha que a Federa\u00e7\u00e3o Nacional de Cooperativas de Solidariedade Social (FENACERCI) promove e que, em Guimar\u00e3es, \u00e9 organizada pela Cercigui, custam dois euros e podem ser encontrados nos CTT, escolas, caf\u00e9s, lojas e junto de centenas de volunt\u00e1rios que estar\u00e3o a espalhar a sua magia.<\/p>\n<p>\u201cTodos os dias lutamos para conseguir cumprir os nossos compromissos e manter os nossos servi\u00e7os com a qualidade que nos \u00e9 reconhecida, mas torna-se imposs\u00edvel sem a ajuda da comunidade. Este ano mais do que nunca devido ao abalo que sofremos com a pandemia\u201d, refere o presidente da dire\u00e7\u00e3o da Cercigui, Rui Leite. \u201cO valor angariado com a venda do Pirilampo M\u00e1gico \u00e9 uma ajuda fundamental, que vem do cidad\u00e3o comum, das pessoas, dos agentes que se envolvem\u201d, continua.<\/p>\n<p><img loading=\"lazy\" decoding=\"async\" class=\" wp-image-1937 alignleft\" src=\"http:\/\/forumdeficiencia.guimaraes.pt\/wp-content\/uploads\/2021\/10\/pirilampo_venda.fw_-300x118.png\" alt=\"\" width=\"571\" height=\"225\" srcset=\"http:\/\/forumdeficiencia.guimaraes.pt\/wp-content\/uploads\/2021\/10\/pirilampo_venda.fw_-300x118.png 300w, http:\/\/forumdeficiencia.guimaraes.pt\/wp-content\/uploads\/2021\/10\/pirilampo_venda.fw_-768x303.png 768w, http:\/\/forumdeficiencia.guimaraes.pt\/wp-content\/uploads\/2021\/10\/pirilampo_venda.fw_.png 771w\" sizes=\"auto, (max-width: 571px) 100vw, 571px\" \/>Com o lema \u201cEstamos juntos para o que der e vier\u201d, esta campanha que tem como objetivo a angaria\u00e7\u00e3o de fundos a favor das CERCIs decorre at\u00e9 07 de novembro e, para al\u00e9m do tradicional Pirilampo M\u00e1gico, conta com outros artigos para venda como pins, sacos de pano, canecas ou ch\u00e1venas. Os pre\u00e7os destes produtos variam entre um e seis euros.<\/p>\n<p>Esta iniciativa, existente desde 1987, envolve mais de oito dezenas de organiza\u00e7\u00f5es sem fins lucrativos, mobilizando milhares de pessoas na miss\u00e3o de informar e sensibilizar a opini\u00e3o p\u00fablica sobre as preocupa\u00e7\u00f5es, necessidades, ideias e projetos das pessoas com defici\u00eancia.<\/p>\n","protected":false},"excerpt":{"rendered":"<p>\u00c9 vermelho o Pirilampo M\u00e1gico da campanha de 2021 e \u00e9 hoje que come\u00e7a a ser vendidos por todo o pa\u00eds.<\/p>\n","protected":false},"author":2,"featured_media":1935,"comment_status":"open","ping_status":"open","sticky":false,"template":"","format":"standard","meta":{"_monsterinsights_skip_tracking":false,"_monsterinsights_sitenote_active":false,"_monsterinsights_sitenote_note":"","_monsterinsights_sitenote_category":0,"footnotes":""},"categories":[3],"tags":[],"class_list":["post-1932","post","type-post","status-publish","format-standard","has-post-thumbnail","hentry","category-noticias"],"_links":{"self":[{"href":"http:\/\/forumdeficiencia.guimaraes.pt\/index.php?rest_route=\/wp\/v2\/posts\/1932","targetHints":{"allow":["GET"]}}],"collection":[{"href":"http:\/\/forumdeficiencia.guimaraes.pt\/index.php?rest_route=\/wp\/v2\/posts"}],"about":[{"href":"http:\/\/forumdeficiencia.guimaraes.pt\/index.php?rest_route=\/wp\/v2\/types\/post"}],"author":[{"embeddable":true,"href":"http:\/\/forumdeficiencia.guimaraes.pt\/index.php?rest_route=\/wp\/v2\/users\/2"}],"replies":[{"embeddable":true,"href":"http:\/\/forumdeficiencia.guimaraes.pt\/index.php?rest_route=%2Fwp%2Fv2%2Fcomments&post=1932"}],"version-history":[{"count":6,"href":"http:\/\/forumdeficiencia.guimaraes.pt\/index.php?rest_route=\/wp\/v2\/posts\/1932\/revisions"}],"predecessor-version":[{"id":1941,"href":"http:\/\/forumdeficiencia.guimaraes.pt\/index.php?rest_route=\/wp\/v2\/posts\/1932\/revisions\/1941"}],"wp:featuredmedia":[{"embeddable":true,"href":"http:\/\/forumdeficiencia.guimaraes.pt\/index.php?rest_route=\/wp\/v2\/media\/1935"}],"wp:attachment":[{"href":"http:\/\/forumdeficiencia.guimaraes.pt\/index.php?rest_route=%2Fwp%2Fv2%2Fmedia&parent=1932"}],"wp:term":[{"taxonomy":"category","embeddable":true,"href":"http:\/\/forumdeficiencia.guimaraes.pt\/index.php?rest_route=%2Fwp%2Fv2%2Fcategories&post=1932"},{"taxonomy":"post_tag","embeddable":true,"href":"http:\/\/forumdeficiencia.guimaraes.pt\/index.php?rest_route=%2Fwp%2Fv2%2Ftags&post=1932"}],"curies":[{"name":"wp","href":"https:\/\/api.w.org\/{rel}","templated":true}]}}