{"id":1997,"date":"2021-11-15T14:15:56","date_gmt":"2021-11-15T14:15:56","guid":{"rendered":"http:\/\/forumdeficiencia.guimaraes.pt\/?p=1997"},"modified":"2021-11-15T14:15:56","modified_gmt":"2021-11-15T14:15:56","slug":"congresso-online-pensar-a-deficiencia-discutir-praticas-debater-conceitos","status":"publish","type":"post","link":"http:\/\/forumdeficiencia.guimaraes.pt\/?p=1997","title":{"rendered":"Congresso online \u201cPensar a Defici\u00eancia: Discutir Pr\u00e1ticas, Debater Conceitos\u201d"},"content":{"rendered":"<p>A <a href=\"https:\/\/anges.pt\/\">ANGES &#8211; Associa\u00e7\u00e3o Nacional de Gerontologia Social<\/a>, uma organiza\u00e7\u00e3o que se dedica \u00e0 promo\u00e7\u00e3o de um envelhecimento ativo e bem-sucedido promove o Congresso Pensar a Defici\u00eancia: Discutir Pr\u00e1ticas, Debater Conceitos que se realiza a 03 de dezembro, das 10h00 \u00e0s 16h30 em formato online e de participa\u00e7\u00e3o gratuita.<\/p>\n<p><!--more--><\/p>\n<p>O evento realiza-se em Portalegre, para quem quiser marcar presen\u00e7a, no entanto ser\u00e1 transmitido em formato online e poder\u00e1 inscrever-se <a href=\"https:\/\/docs.google.com\/forms\/d\/e\/1FAIpQLSceQ5aN6toG7G8ZSPnDzhYeSTBlJAq4f2jyFMEjuou3aVG59g\/viewform\">AQUI<\/a>.<\/p>\n<p>Pode acompanhar o evento e consultar mais informa\u00e7\u00f5es <a href=\"https:\/\/www.facebook.com\/ageingcongress\/\">AQUI<\/a><\/p>\n<p>&nbsp;<\/p>\n<p>&nbsp;<\/p>\n","protected":false},"excerpt":{"rendered":"<p>A ANGES &#8211; Associa\u00e7\u00e3o Nacional de Gerontologia Social, uma organiza\u00e7\u00e3o que se dedica \u00e0 promo\u00e7\u00e3o de um envelhecimento ativo e bem-sucedido promove o Congresso Pensar a Defici\u00eancia: Discutir Pr\u00e1ticas, Debater Conceitos que se realiza a 03 de dezembro, das 10h00 \u00e0s 16h30 em formato online e de participa\u00e7\u00e3o gratuita.<\/p>\n","protected":false},"author":2,"featured_media":1998,"comment_status":"open","ping_status":"open","sticky":false,"template":"","format":"standard","meta":{"_monsterinsights_skip_tracking":false,"_monsterinsights_sitenote_active":false,"_monsterinsights_sitenote_note":"","_monsterinsights_sitenote_category":0,"footnotes":""},"categories":[3],"tags":[],"class_list":["post-1997","post","type-post","status-publish","format-standard","has-post-thumbnail","hentry","category-noticias"],"_links":{"self":[{"href":"http:\/\/forumdeficiencia.guimaraes.pt\/index.php?rest_route=\/wp\/v2\/posts\/1997","targetHints":{"allow":["GET"]}}],"collection":[{"href":"http:\/\/forumdeficiencia.guimaraes.pt\/index.php?rest_route=\/wp\/v2\/posts"}],"about":[{"href":"http:\/\/forumdeficiencia.guimaraes.pt\/index.php?rest_route=\/wp\/v2\/types\/post"}],"author":[{"embeddable":true,"href":"http:\/\/forumdeficiencia.guimaraes.pt\/index.php?rest_route=\/wp\/v2\/users\/2"}],"replies":[{"embeddable":true,"href":"http:\/\/forumdeficiencia.guimaraes.pt\/index.php?rest_route=%2Fwp%2Fv2%2Fcomments&post=1997"}],"version-history":[{"count":1,"href":"http:\/\/forumdeficiencia.guimaraes.pt\/index.php?rest_route=\/wp\/v2\/posts\/1997\/revisions"}],"predecessor-version":[{"id":1999,"href":"http:\/\/forumdeficiencia.guimaraes.pt\/index.php?rest_route=\/wp\/v2\/posts\/1997\/revisions\/1999"}],"wp:featuredmedia":[{"embeddable":true,"href":"http:\/\/forumdeficiencia.guimaraes.pt\/index.php?rest_route=\/wp\/v2\/media\/1998"}],"wp:attachment":[{"href":"http:\/\/forumdeficiencia.guimaraes.pt\/index.php?rest_route=%2Fwp%2Fv2%2Fmedia&parent=1997"}],"wp:term":[{"taxonomy":"category","embeddable":true,"href":"http:\/\/forumdeficiencia.guimaraes.pt\/index.php?rest_route=%2Fwp%2Fv2%2Fcategories&post=1997"},{"taxonomy":"post_tag","embeddable":true,"href":"http:\/\/forumdeficiencia.guimaraes.pt\/index.php?rest_route=%2Fwp%2Fv2%2Ftags&post=1997"}],"curies":[{"name":"wp","href":"https:\/\/api.w.org\/{rel}","templated":true}]}}