{"id":2217,"date":"2022-10-18T10:25:39","date_gmt":"2022-10-18T10:25:39","guid":{"rendered":"http:\/\/forumdeficiencia.guimaraes.pt\/?p=2217"},"modified":"2022-10-18T10:25:39","modified_gmt":"2022-10-18T10:25:39","slug":"encontro-cuidar-de-quem-cuida","status":"publish","type":"post","link":"http:\/\/forumdeficiencia.guimaraes.pt\/?p=2217","title":{"rendered":"Encontro Cuidar de Quem Cuida"},"content":{"rendered":"<p>\u201cComo cuidamos dos nossos cuidadores?\u201d \u00e9 a quest\u00e3o lan\u00e7ada pela organiza\u00e7\u00e3o deste evento para orientar a manh\u00e3 de comunica\u00e7\u00f5es deste Encontro Cuidar de Quem Cuida que se realiza a 20 de outubro, das 9h30 \u00e0s 13h00.<\/p>\n<p><!--more--><\/p>\n<p>O evento realiza-se no Audit\u00f3rio da Biblioteca Almeida Garrett, localizado nos jardins do Pal\u00e1cio de Cristal, no Porto, e conta com a participa\u00e7\u00e3o de v\u00e1rias entidades convidas a apresentar os respetivos projetos de interven\u00e7\u00e3o junto deste p\u00fablico.<\/p>\n<p>O Encontro Cuidar de Quem Cuida termina com uma mesa-redonda que junta \u00e0 sua volta \u00d3scar Ribeiro do Cintesis &#8211; Centro de Investiga\u00e7\u00e3o em Tecnologias e Servi\u00e7os de Sa\u00fade, Joana Louren\u00e7o da Comiss\u00e3o Nacional de Cuidados Paliativos, Cl\u00e1udia Marques da Funda\u00e7\u00e3o Aga Khan e Isabel Jourdan do Movimento Cuidar dos Cuidadores Informais (Merck). Este momento ser\u00e1 moderado por Mariana Ribeiro Ferreira da CUF e a quest\u00e3o proposta para o debate e reflex\u00e3o \u00e9: Bem-estar dos Cuidadores Informais em Portugal: qual o caminho?<\/p>\n<p>&nbsp;<\/p>\n","protected":false},"excerpt":{"rendered":"<p>\u201cComo cuidamos dos nossos cuidadores?\u201d \u00e9 a quest\u00e3o lan\u00e7ada pela organiza\u00e7\u00e3o deste evento para orientar a manh\u00e3 de comunica\u00e7\u00f5es deste Encontro Cuidar de Quem Cuida que se realiza a 20 de outubro, das 9h30 \u00e0s 13h00.<\/p>\n","protected":false},"author":2,"featured_media":2218,"comment_status":"open","ping_status":"open","sticky":false,"template":"","format":"standard","meta":{"_monsterinsights_skip_tracking":false,"_monsterinsights_sitenote_active":false,"_monsterinsights_sitenote_note":"","_monsterinsights_sitenote_category":0,"footnotes":""},"categories":[4],"tags":[],"class_list":["post-2217","post","type-post","status-publish","format-standard","has-post-thumbnail","hentry","category-eventos"],"_links":{"self":[{"href":"http:\/\/forumdeficiencia.guimaraes.pt\/index.php?rest_route=\/wp\/v2\/posts\/2217","targetHints":{"allow":["GET"]}}],"collection":[{"href":"http:\/\/forumdeficiencia.guimaraes.pt\/index.php?rest_route=\/wp\/v2\/posts"}],"about":[{"href":"http:\/\/forumdeficiencia.guimaraes.pt\/index.php?rest_route=\/wp\/v2\/types\/post"}],"author":[{"embeddable":true,"href":"http:\/\/forumdeficiencia.guimaraes.pt\/index.php?rest_route=\/wp\/v2\/users\/2"}],"replies":[{"embeddable":true,"href":"http:\/\/forumdeficiencia.guimaraes.pt\/index.php?rest_route=%2Fwp%2Fv2%2Fcomments&post=2217"}],"version-history":[{"count":1,"href":"http:\/\/forumdeficiencia.guimaraes.pt\/index.php?rest_route=\/wp\/v2\/posts\/2217\/revisions"}],"predecessor-version":[{"id":2219,"href":"http:\/\/forumdeficiencia.guimaraes.pt\/index.php?rest_route=\/wp\/v2\/posts\/2217\/revisions\/2219"}],"wp:featuredmedia":[{"embeddable":true,"href":"http:\/\/forumdeficiencia.guimaraes.pt\/index.php?rest_route=\/wp\/v2\/media\/2218"}],"wp:attachment":[{"href":"http:\/\/forumdeficiencia.guimaraes.pt\/index.php?rest_route=%2Fwp%2Fv2%2Fmedia&parent=2217"}],"wp:term":[{"taxonomy":"category","embeddable":true,"href":"http:\/\/forumdeficiencia.guimaraes.pt\/index.php?rest_route=%2Fwp%2Fv2%2Fcategories&post=2217"},{"taxonomy":"post_tag","embeddable":true,"href":"http:\/\/forumdeficiencia.guimaraes.pt\/index.php?rest_route=%2Fwp%2Fv2%2Ftags&post=2217"}],"curies":[{"name":"wp","href":"https:\/\/api.w.org\/{rel}","templated":true}]}}