{"id":2599,"date":"2023-06-20T08:39:10","date_gmt":"2023-06-20T08:39:10","guid":{"rendered":"https:\/\/forumdeficiencia.guimaraes.pt\/?p=2599"},"modified":"2023-06-20T08:39:10","modified_gmt":"2023-06-20T08:39:10","slug":"formandos-da-cercigui-visitam-dst-group","status":"publish","type":"post","link":"http:\/\/forumdeficiencia.guimaraes.pt\/?p=2599","title":{"rendered":"<strong>Formandos da Cercigui visitam DST Group<\/strong>"},"content":{"rendered":"\n<p>A empresa de Braga ligada \u00e0 engenharia e constru\u00e7\u00e3o, ao ambiente, \u00e0s energias renov\u00e1veis, \u00e0s telecomunica\u00e7\u00f5es e ao imobili\u00e1rio recebeu de bra\u00e7os abertos os formandos do Curso de Assistente Operacional &#8211; Servi\u00e7os Gerais, do Centro de Reabilita\u00e7\u00e3o e Forma\u00e7\u00e3o Profissional da CERCIGUI.<\/p>\n\n\n\n<!--more-->\n\n\n\n<p>Esta visita, realizada no \u00e2mbito do projeto \u201cNa Rota da Inclus\u00e3o\u201d financiado pelo Instituto Nacional de Reabilita\u00e7\u00e3o (INR), tinha como objetivo promover diferentes iniciativas de est\u00edmulo \u00e0 empregabilidade das pessoas com defici\u00eancia e\/ou incapacidade, ao mesmo tempo que pretende sensibilizar o tecido empresarial da regi\u00e3o para a import\u00e2ncia da ado\u00e7\u00e3o de pr\u00e1ticas inclusivas no contexto da inclus\u00e3o deste p\u00fablico no mercado de trabalho.<\/p>\n\n\n\n<p>Foi uma oportunidade para os formandos contactarem com a realidade laboral e compreenderem mais sobre as diversas tarefas dos trabalhadores no Departamento de Log\u00edstica, especialmente aquelas associadas ao percurso formativo em destaque.<\/p>\n\n\n\n<p>A forma \u201cesclarecedora como foi conduzida a visita\u201d permitiu \u00e0 CERCIGUI adquirir uma vis\u00e3o global da empresa, em termos de edif\u00edcios, departamentos, espa\u00e7os de trabalho, recursos humanos, projetos, servi\u00e7o e atividades disponibilizados para os trabalhadores da empresa\u201d, refere a organiza\u00e7\u00e3o vimaranense nas redes sociais.<\/p>\n","protected":false},"excerpt":{"rendered":"<p>Formandos do Curso de Assistente Operacional &#8211; Servi\u00e7os Gerais, do Centro de Reabilita\u00e7\u00e3o e Forma\u00e7\u00e3o Profissional da CERCIGUI<\/p>\n","protected":false},"author":2,"featured_media":2600,"comment_status":"open","ping_status":"open","sticky":false,"template":"","format":"standard","meta":{"_monsterinsights_skip_tracking":false,"_monsterinsights_sitenote_active":false,"_monsterinsights_sitenote_note":"","_monsterinsights_sitenote_category":0,"footnotes":""},"categories":[1],"tags":[],"class_list":["post-2599","post","type-post","status-publish","format-standard","has-post-thumbnail","hentry","category-uncategorized"],"_links":{"self":[{"href":"http:\/\/forumdeficiencia.guimaraes.pt\/index.php?rest_route=\/wp\/v2\/posts\/2599","targetHints":{"allow":["GET"]}}],"collection":[{"href":"http:\/\/forumdeficiencia.guimaraes.pt\/index.php?rest_route=\/wp\/v2\/posts"}],"about":[{"href":"http:\/\/forumdeficiencia.guimaraes.pt\/index.php?rest_route=\/wp\/v2\/types\/post"}],"author":[{"embeddable":true,"href":"http:\/\/forumdeficiencia.guimaraes.pt\/index.php?rest_route=\/wp\/v2\/users\/2"}],"replies":[{"embeddable":true,"href":"http:\/\/forumdeficiencia.guimaraes.pt\/index.php?rest_route=%2Fwp%2Fv2%2Fcomments&post=2599"}],"version-history":[{"count":1,"href":"http:\/\/forumdeficiencia.guimaraes.pt\/index.php?rest_route=\/wp\/v2\/posts\/2599\/revisions"}],"predecessor-version":[{"id":2601,"href":"http:\/\/forumdeficiencia.guimaraes.pt\/index.php?rest_route=\/wp\/v2\/posts\/2599\/revisions\/2601"}],"wp:featuredmedia":[{"embeddable":true,"href":"http:\/\/forumdeficiencia.guimaraes.pt\/index.php?rest_route=\/wp\/v2\/media\/2600"}],"wp:attachment":[{"href":"http:\/\/forumdeficiencia.guimaraes.pt\/index.php?rest_route=%2Fwp%2Fv2%2Fmedia&parent=2599"}],"wp:term":[{"taxonomy":"category","embeddable":true,"href":"http:\/\/forumdeficiencia.guimaraes.pt\/index.php?rest_route=%2Fwp%2Fv2%2Fcategories&post=2599"},{"taxonomy":"post_tag","embeddable":true,"href":"http:\/\/forumdeficiencia.guimaraes.pt\/index.php?rest_route=%2Fwp%2Fv2%2Ftags&post=2599"}],"curies":[{"name":"wp","href":"https:\/\/api.w.org\/{rel}","templated":true}]}}