{"id":2603,"date":"2023-06-20T08:47:45","date_gmt":"2023-06-20T08:47:45","guid":{"rendered":"https:\/\/forumdeficiencia.guimaraes.pt\/?p=2603"},"modified":"2023-06-20T08:47:45","modified_gmt":"2023-06-20T08:47:45","slug":"boccia-cristiana-marques-sagra-se-vice-campea-nacional","status":"publish","type":"post","link":"http:\/\/forumdeficiencia.guimaraes.pt\/?p=2603","title":{"rendered":"<strong>Boccia: Cristiana Marques sagra-se vice-campe\u00e3 nacional<\/strong>"},"content":{"rendered":"\n<p>Cristiana Marques, atleta do clube de Boccia da Associa\u00e7\u00e3o de Paralisia Cerebral de Guimar\u00e3es, sagrou-se vice-campe\u00e3 nacional no campeonato nacional feminino de Boccia, classe BC2, que se realizou em Torres Novas.<\/p>\n\n\n\n<!--more-->\n\n\n\n<p>O ano passado a atleta vimaranense conquistou a medalha de bronze, mas este ano conseguiu superar essa conquista e arrecadou a medalha de prata.<\/p>\n\n\n\n<p>Na fase de grupos Cristiana Marques apenas perdeu para a campe\u00e3 do Mundo, Cristina Gon\u00e7alves e na meia-final defrontou Catarina Monteiro, do Futebol Clube do Porto e venceu por 7-1 garantindo a passagem a uma final in\u00e9dita.<\/p>\n\n\n\n<p>Na final, frente \u00e0 atleta Ana Catarina Correia, detentora do t\u00edtulo de campe\u00e3 nacional, a atleta foi \u00e0 procura da medalha de ouro, mas o resultado acabou por n\u00e3o ser favor\u00e1vel, perdendo por 4-2, numa final disputada at\u00e9 \u00e0 \u00faltima bola.<\/p>\n\n\n\n<p>Apesar da derrota, este resultado final \u00e9 considerado brilhante, porque Cristiana Marques fica um lugar \u00e0 frente da campe\u00e3 do mundo e apenas atr\u00e1s da atual bicampe\u00e3 nacional: \u201cNo momento desta foto tinha um turbilh\u00e3o de emo\u00e7\u00f5es, imposs\u00edvel de descrever numa palavra s\u00f3. De uma coisa eu tive, mais uma vez, a certeza, nada acontece por acaso. Pergunto muitas vezes porqu\u00ea e nem sempre tenho resposta\u201d, refere a atleta nas redes sociais.<\/p>\n","protected":false},"excerpt":{"rendered":"<p>Cristiana Marques, atleta do clube de Boccia da Associa\u00e7\u00e3o de Paralisia Cerebral de Guimar\u00e3es, sagrou-se vice-campe\u00e3 nacional no campeonato nacional feminino de Boccia, classe BC2, que se realizou em Torres Novas.<\/p>\n","protected":false},"author":2,"featured_media":2604,"comment_status":"open","ping_status":"open","sticky":false,"template":"","format":"standard","meta":{"_monsterinsights_skip_tracking":false,"_monsterinsights_sitenote_active":false,"_monsterinsights_sitenote_note":"","_monsterinsights_sitenote_category":0,"footnotes":""},"categories":[1],"tags":[],"class_list":["post-2603","post","type-post","status-publish","format-standard","has-post-thumbnail","hentry","category-uncategorized"],"_links":{"self":[{"href":"http:\/\/forumdeficiencia.guimaraes.pt\/index.php?rest_route=\/wp\/v2\/posts\/2603","targetHints":{"allow":["GET"]}}],"collection":[{"href":"http:\/\/forumdeficiencia.guimaraes.pt\/index.php?rest_route=\/wp\/v2\/posts"}],"about":[{"href":"http:\/\/forumdeficiencia.guimaraes.pt\/index.php?rest_route=\/wp\/v2\/types\/post"}],"author":[{"embeddable":true,"href":"http:\/\/forumdeficiencia.guimaraes.pt\/index.php?rest_route=\/wp\/v2\/users\/2"}],"replies":[{"embeddable":true,"href":"http:\/\/forumdeficiencia.guimaraes.pt\/index.php?rest_route=%2Fwp%2Fv2%2Fcomments&post=2603"}],"version-history":[{"count":1,"href":"http:\/\/forumdeficiencia.guimaraes.pt\/index.php?rest_route=\/wp\/v2\/posts\/2603\/revisions"}],"predecessor-version":[{"id":2605,"href":"http:\/\/forumdeficiencia.guimaraes.pt\/index.php?rest_route=\/wp\/v2\/posts\/2603\/revisions\/2605"}],"wp:featuredmedia":[{"embeddable":true,"href":"http:\/\/forumdeficiencia.guimaraes.pt\/index.php?rest_route=\/wp\/v2\/media\/2604"}],"wp:attachment":[{"href":"http:\/\/forumdeficiencia.guimaraes.pt\/index.php?rest_route=%2Fwp%2Fv2%2Fmedia&parent=2603"}],"wp:term":[{"taxonomy":"category","embeddable":true,"href":"http:\/\/forumdeficiencia.guimaraes.pt\/index.php?rest_route=%2Fwp%2Fv2%2Fcategories&post=2603"},{"taxonomy":"post_tag","embeddable":true,"href":"http:\/\/forumdeficiencia.guimaraes.pt\/index.php?rest_route=%2Fwp%2Fv2%2Ftags&post=2603"}],"curies":[{"name":"wp","href":"https:\/\/api.w.org\/{rel}","templated":true}]}}