{"id":2606,"date":"2023-06-20T08:49:14","date_gmt":"2023-06-20T08:49:14","guid":{"rendered":"https:\/\/forumdeficiencia.guimaraes.pt\/?p=2606"},"modified":"2023-06-20T08:49:36","modified_gmt":"2023-06-20T08:49:36","slug":"apresentacao-de-resultados-do-estorias-da-madeira-oficina-de-criatividade-empoderamento-e-transformacao-pessoal","status":"publish","type":"post","link":"http:\/\/forumdeficiencia.guimaraes.pt\/?p=2606","title":{"rendered":"<strong>Apresenta\u00e7\u00e3o de resultados do Est\u00f3rias da Madeira \u2013 Oficina de criatividade, empoderamento e transforma\u00e7\u00e3o pessoal<\/strong>"},"content":{"rendered":"\n<p>E porque tudo o que \u00e9 bom tamb\u00e9m acaba, <strong>chegou a hora de apresentar os resultados<\/strong> do projeto Est\u00f3rias da Madeira \u2013 Oficina de criatividade, empoderamento e transforma\u00e7\u00e3o pessoal <strong>no dia 27 de junho, no Instituto de Design de Guimar\u00e3es, situado na rua da Ramada, n.\u00ba 52<\/strong>.&nbsp; Para este momento est\u00e1 prevista a presen\u00e7a da vereadora da A\u00e7\u00e3o Social da C\u00e2mara Municipal de Guimar\u00e3es, Paula Oliveira.<\/p>\n\n\n\n<!--more-->\n\n\n\n<p>O balan\u00e7o final deste projeto, que come\u00e7ou no in\u00edcio do ano passado, acontece <strong>\u00e0s 10h00 com uma aula de biodanza<\/strong>, seguida de um <strong>almo\u00e7o oferecido<\/strong> <strong>aos benefici\u00e1rios deste projeto<\/strong> pelo Palavras Infinitas -N\u00facleo de Inclus\u00e3o, Comunica\u00e7\u00e3o e Media e pela Because I Care &#8211; Associa\u00e7\u00e3o para Apoiar e Cuidar de Pessoas que Cuidam &#8211; as entidades que desenvolvem este projeto apoiado pelo Portugal Inova\u00e7\u00e3o Social, atrav\u00e9s de Fundos da Uni\u00e3o Europeia, nomeadamente pela Autoridade de Gest\u00e3o do Programa Operacional Inclus\u00e3o Social e Emprego (POISE) sendo a C\u00e2mara Municipal de Guimar\u00e3es o seu investidor social.<\/p>\n\n\n\n<p>Da parte da tarde, <strong>a partir das 14h30 realiza-se uma mesa-redonda sobre \u201c<\/strong><strong>O Estatuto do Cuidador Informal e a sobrecarga na presta\u00e7\u00e3o de cuidados\u201d<\/strong>, transmitida via zoom, <strong>segue-se a<\/strong> <strong>apresenta\u00e7\u00e3o formal dos resultados<\/strong> do projeto <strong>e uma conversa para responder \u00e0 quest\u00e3o \u201cQuem cuida dos ex-cuidadores?\u201d<\/strong> que vai contar com a participa\u00e7\u00e3o da vereadora da A\u00e7\u00e3o Social da C\u00e2mara Municipal de Guimar\u00e3es, Paula Oliveira. Estas sess\u00f5es v\u00e3o ainda contar com a participa\u00e7\u00e3o de Maria dos Anjos Catapirra, vice-presidente da Associa\u00e7\u00e3o Nacional de Cuidadores Informais, e da psic\u00f3loga cl\u00ednica e da sa\u00fade nos cuidados paliativos do Hospital da Senhora da Oliveira, Marta Freitas Figueiredo.<\/p>\n\n\n\n<p>Estas iniciativas est\u00e3o inclu\u00eddas no evento Claraboia, preparado para funcionar tamb\u00e9m como mostra do projeto, visto que <strong>ser\u00e3o expostos os produtos resultantes das oficinas realizadas<\/strong>, mas tamb\u00e9m ser\u00e1 contada a est\u00f3ria dos objetos transformados no \u00e2mbito da oficina de reciclagem de mobili\u00e1rio.<\/p>\n\n\n\n<p>Mas <strong>o Claraboia come\u00e7a na segunda-feira de manh\u00e3, dia 26 de junho<\/strong>, com v\u00e1rias atividades para a comunidade em geral, incluindo as crian\u00e7as que frequentam o pr\u00e9-escolar da Fraterna que ter\u00e3o oportunidade de participar n\u2019<strong>\u201cA viagem do lixo\u201d, uma sess\u00e3o que pretende explicar como \u00e9 que o lixo que se v\u00ea nas praias l\u00e1 vai parar<\/strong> e que faz parte do projeto \u201cTrocar por Mi\u00fados: Eu, o outro e o mundo, conceitos complexos explicados \u00e0s crian\u00e7as\u201d desenvolvido pelo N\u00facleo de Inclus\u00e3o, Comunica\u00e7\u00e3o e Media.<\/p>\n\n\n\n<p>As crian\u00e7as v\u00e3o <strong>experimentar o Boccia<\/strong>, uma modalidade desportiva cuja demonstra\u00e7\u00e3o estar\u00e1 a cargo de Cristiana Marques e de Miguel Gomes, atletas do Clube da Associa\u00e7\u00e3o de Paralisia Cerebral de Guimar\u00e3es e de Marco Ribeiro , coordenador da delega\u00e7\u00e3o do Vale do Ave do Centro de Vida Independente.<\/p>\n\n\n\n<p>A tarde do dia 26 de junho est\u00e1 preenchida com uma sess\u00e3o dinamizada pelo psic\u00f3logo Carlos Oliveira. <strong>\u00c0s 14h30<\/strong>, o coordenador do B\u00fassola&nbsp;\u2013 Gabinete de Apoio \u00e0 Comunidade LGBTQIA+ sedeado na Casa do Povo de Ferment\u00f5es vai dedicar <strong>a sess\u00e3o ao tema da linguagem inclusiva<\/strong> ao lan\u00e7ar a quest\u00e3o: \u201cPalavras de que g\u00e9nero?\u201d e, mais do que tentar respond\u00ea-la, vai ajudar a que todas as pessoas presentes possam refletir no assunto.<\/p>\n\n\n\n<p><strong>\u201cA interdepend\u00eancia social como base do acolhimento positivo\u201d<\/strong>, que <strong>come\u00e7a \u00e0s 17h30, <\/strong>ser\u00e1 o tema da sess\u00e3o desenvolvida pelo projeto Pindorama \u2013 Espa\u00e7o seguro para mulheres brasileiras, promovido por Valentina Yegros no N\u00facleo de Inclus\u00e3o, Comunica\u00e7\u00e3o e Media no \u00e2mbito do voluntariado realizado e financiado pelo Corpo Europeu de Solidariedade.<\/p>\n\n\n\n<p><strong>\u201cA comunica\u00e7\u00e3o e a discrimina\u00e7\u00e3o das pessoas com defici\u00eancia\u201d est\u00e1 \u00e0s 18h30.<\/strong> Esta \u00e9 a sess\u00e3o de junho do Seeds of Change \u2013 Take yours and spread, um projeto financiado pelo programa Erasmus+ at\u00e9 ao final de fevereiro mas que agora a organiza\u00e7\u00e3o e os participantes desta iniciativa, focada na capacita\u00e7\u00e3o para os direitos e deveres de jovens portugueses com defici\u00eancia, n\u00e3o querem deixar morrer e, por isso, t\u00eam vindo a realizar sess\u00f5es mensais dedicadas a v\u00e1rios temas de interesse.<\/p>\n\n\n\n<p><\/p>\n\n\n\n<p><strong>Programa apresenta\u00e7\u00e3o de resultados<\/strong><\/p>\n\n\n\n<p><strong>26 de junho<\/strong><\/p>\n\n\n\n<p><strong>10h00&nbsp;<\/strong><\/p>\n\n\n\n<p><strong>\u201cA viagem do lixo\u201d explicada \u00e0s crian\u00e7as do pr\u00e9-escolar da Fraterna <\/strong>| Cl\u00e1udia Pires e Sofia Pires | Trocar por Mi\u00fados: Eu, o outro e o mundo, conceitos complexos explicados \u00e0s crian\u00e7as\u201d | N\u00facleo de Inclus\u00e3o, Comunica\u00e7\u00e3o e Media<strong><\/strong><\/p>\n\n\n\n<p><strong>Demonstra\u00e7\u00e3o de Boccia \u00e0s crian\u00e7as do pr\u00e9-escolar da Fraterna <\/strong>| Cristiana Marques e Miguel Gomes, atletas do Clube da Associa\u00e7\u00e3o de Paralisia Cerebral de Guimar\u00e3es e Marco Ribeiro dirigente da delega\u00e7\u00e3o do Vale do Ave do Centro de Vida Independente<strong><\/strong><\/p>\n\n\n\n<p><strong>14h30<\/strong><\/p>\n\n\n\n<p><strong>\u201cPalavras de que g\u00e9nero?\u201d | <\/strong>Carlos Oliveira |<strong> <\/strong>B\u00fassola&nbsp;\u2013 Gabinete de Apoio \u00e0 Comunidade LGBTQIA+ da Casa do Povo de Ferment\u00f5es<\/p>\n\n\n\n<p><strong>17h30<\/strong><\/p>\n\n\n\n<p><strong>A interdepend\u00eancia social como base do acolhimento positivo<\/strong> | Valentina Yegros | Pindorama \u2013 Espa\u00e7o seguro para mulheres brasileiras | N\u00facleo de Inclus\u00e3o, Comunica\u00e7\u00e3o e Media<\/p>\n\n\n\n<p>18h30<\/p>\n\n\n\n<p><strong>\u201cA comunica\u00e7\u00e3o e a discrimina\u00e7\u00e3o das pessoas com defici\u00eancia\u201d<\/strong> | Sofia Pires (vou convidar +pessoas) | Seeds of Change \u2013 Take yours and spread | N\u00facleo de Inclus\u00e3o, Comunica\u00e7\u00e3o e Media<\/p>\n\n\n\n<p><strong>27 de junho<\/strong><\/p>\n\n\n\n<p><strong>10h00<\/strong><\/p>\n\n\n\n<p><strong>Aula de biodanza <\/strong>| Felicidade Ribeiro<strong> <\/strong>| Facilitadora<\/p>\n\n\n\n<p><strong>Almo\u00e7o <\/strong>(oferecido aos cuidadores informais do projeto Est\u00f3rias da Madeira \u2013 Oficina de Criatividade, empoderamento e Transforma\u00e7\u00e3o Pessoal)<\/p>\n\n\n\n<p><strong>14h30<\/strong><\/p>\n\n\n\n<p><strong>O Estatuto do Cuidador Informal e a sobrecarga na presta\u00e7\u00e3o de cuidados <\/strong>| Maria dos Anjos Catapirra, vice-presidente da Associa\u00e7\u00e3o Nacional de Cuidadores Informais e F\u00e1tima Saraiva, Helena Coelho e Sofia Pires do Est\u00f3rias da Madeira \u2013 Oficina de Criatividade, empoderamento e Transforma\u00e7\u00e3o Pessoal<strong><\/strong><\/p>\n\n\n\n<p><strong>15h30<\/strong><\/p>\n\n\n\n<p><strong>Coffee-break<\/strong><\/p>\n\n\n\n<p><strong>16h00<\/strong><\/p>\n\n\n\n<p><strong>Apresenta\u00e7\u00e3o dos resultados do projeto<\/strong> | psic\u00f3loga F\u00e1tima Saraiva, psic\u00f3loga Helena Coelho e coordenadora de projeto Sofia Pires | Est\u00f3rias da Madeira \u2013 Oficina de Criatividade, empoderamento e Transforma\u00e7\u00e3o Pessoal<strong><\/strong><\/p>\n\n\n\n<p><strong>16h30<\/strong><\/p>\n\n\n\n<p><strong>Quem cuida dos ex-cuidadores? <\/strong>| vereadora da A\u00e7\u00e3o Social da C\u00e2mara Municipal de Guimar\u00e3es e representante do cons\u00f3rcio Guimar\u00e3es, Concelho Cuidador, Paula Oliveira, psic\u00f3loga da Unidade Psicologia Cl\u00ednica e da Sa\u00fade do Servi\u00e7o de Psiquiatria e Sa\u00fade Mental Hospital da Senhora da Oliveira, Marta Freitas Figueiredo | Cons\u00f3rcio Guimar\u00e3es, concelho cuidador<\/p>\n","protected":false},"excerpt":{"rendered":"<p>E porque tudo o que \u00e9 bom tamb\u00e9m acaba, chegou a hora de apresentar os resultados do projeto Est\u00f3rias da Madeira \u2013 Oficina de criatividade, empoderamento e transforma\u00e7\u00e3o pessoal no dia 27 de junho, no Instituto de Design de Guimar\u00e3es, situado na rua da Ramada, n.\u00ba 52.&nbsp; Para este momento est\u00e1 prevista a presen\u00e7a da [&hellip;]<\/p>\n","protected":false},"author":2,"featured_media":2607,"comment_status":"open","ping_status":"open","sticky":false,"template":"","format":"standard","meta":{"_monsterinsights_skip_tracking":false,"_monsterinsights_sitenote_active":false,"_monsterinsights_sitenote_note":"","_monsterinsights_sitenote_category":0,"footnotes":""},"categories":[1],"tags":[],"class_list":["post-2606","post","type-post","status-publish","format-standard","has-post-thumbnail","hentry","category-uncategorized"],"_links":{"self":[{"href":"http:\/\/forumdeficiencia.guimaraes.pt\/index.php?rest_route=\/wp\/v2\/posts\/2606","targetHints":{"allow":["GET"]}}],"collection":[{"href":"http:\/\/forumdeficiencia.guimaraes.pt\/index.php?rest_route=\/wp\/v2\/posts"}],"about":[{"href":"http:\/\/forumdeficiencia.guimaraes.pt\/index.php?rest_route=\/wp\/v2\/types\/post"}],"author":[{"embeddable":true,"href":"http:\/\/forumdeficiencia.guimaraes.pt\/index.php?rest_route=\/wp\/v2\/users\/2"}],"replies":[{"embeddable":true,"href":"http:\/\/forumdeficiencia.guimaraes.pt\/index.php?rest_route=%2Fwp%2Fv2%2Fcomments&post=2606"}],"version-history":[{"count":2,"href":"http:\/\/forumdeficiencia.guimaraes.pt\/index.php?rest_route=\/wp\/v2\/posts\/2606\/revisions"}],"predecessor-version":[{"id":2609,"href":"http:\/\/forumdeficiencia.guimaraes.pt\/index.php?rest_route=\/wp\/v2\/posts\/2606\/revisions\/2609"}],"wp:featuredmedia":[{"embeddable":true,"href":"http:\/\/forumdeficiencia.guimaraes.pt\/index.php?rest_route=\/wp\/v2\/media\/2607"}],"wp:attachment":[{"href":"http:\/\/forumdeficiencia.guimaraes.pt\/index.php?rest_route=%2Fwp%2Fv2%2Fmedia&parent=2606"}],"wp:term":[{"taxonomy":"category","embeddable":true,"href":"http:\/\/forumdeficiencia.guimaraes.pt\/index.php?rest_route=%2Fwp%2Fv2%2Fcategories&post=2606"},{"taxonomy":"post_tag","embeddable":true,"href":"http:\/\/forumdeficiencia.guimaraes.pt\/index.php?rest_route=%2Fwp%2Fv2%2Ftags&post=2606"}],"curies":[{"name":"wp","href":"https:\/\/api.w.org\/{rel}","templated":true}]}}