{"id":2610,"date":"2023-06-20T09:41:27","date_gmt":"2023-06-20T09:41:27","guid":{"rendered":"https:\/\/forumdeficiencia.guimaraes.pt\/?p=2610"},"modified":"2023-06-20T09:43:08","modified_gmt":"2023-06-20T09:43:08","slug":"nem-a-chuva-parou-a-caminhada-pelo-sonho-de-ir-a-disneylandia-paris","status":"publish","type":"post","link":"http:\/\/forumdeficiencia.guimaraes.pt\/?p=2610","title":{"rendered":"Nem a chuva parou a caminhada pelo sonho de ir \u00e0<a href=\"https:\/\/forumdeficiencia.guimaraes.pt\/?p=2569\"> Disneyl\u00e2ndia Paris<\/a>"},"content":{"rendered":"\n<p>A Caminhada por um Sonho, organizada pelo Centro Social de Brito, com o apoio da Associa\u00e7\u00e3o Vimaranense de Hotelaria (AVH) e em parceira com o Munic\u00edpio de Guimar\u00e3es foi marcada pela chuva, mas os participantes n\u00e3o se deixaram intimidar e percorreram os cerca de seis quil\u00f3metros que separavam a partida da meta com alegria. <\/p>\n\n\n\n<!--more-->\n\n\n\n<p>Foi no dia 28 de maio que a cidade de Guimar\u00e3es viu uma mancha de pessoas comprometidas a realizar o sonho dos jovens e adultos do Centro de Atividades e Capacita\u00e7\u00e3o para a Inclus\u00e3o e do Lar Residencial: fazer uma viagem \u00e0 Disneyl\u00e2ndia Paris.<\/p>\n\n\n\n<p>Esta caminhada, al\u00e9m de estar focada na angaria\u00e7\u00e3o de fundos que permitam realizar este sonho dos jovens, serviu tamb\u00e9m para criar la\u00e7os entre toda a comunidade e a institui\u00e7\u00e3o vimaranense.<\/p>\n\n\n\n<p>Pode ver o resumo da manh\u00e3 do evento <a href=\"https:\/\/www.facebook.com\/watch\/?v=6963186140392732\" target=\"_blank\" rel=\"noreferrer noopener\">AQUI<\/a><\/p>\n\n\n\n<p><\/p>\n","protected":false},"excerpt":{"rendered":"<p>A Caminhada por um Sonho, organizada pelo Centro Social de Brito, com o apoio da Associa\u00e7\u00e3o Vimaranense de Hotelaria (AVH) e em parceira com o Munic\u00edpio de Guimar\u00e3es foi marcada pela chuva, mas os participantes n\u00e3o se deixaram intimidar e percorreram os cerca de seis quil\u00f3metros que separavam a partida da meta com alegria.<\/p>\n","protected":false},"author":2,"featured_media":2611,"comment_status":"open","ping_status":"open","sticky":false,"template":"","format":"standard","meta":{"_monsterinsights_skip_tracking":false,"_monsterinsights_sitenote_active":false,"_monsterinsights_sitenote_note":"","_monsterinsights_sitenote_category":0,"footnotes":""},"categories":[1],"tags":[],"class_list":["post-2610","post","type-post","status-publish","format-standard","has-post-thumbnail","hentry","category-uncategorized"],"_links":{"self":[{"href":"http:\/\/forumdeficiencia.guimaraes.pt\/index.php?rest_route=\/wp\/v2\/posts\/2610","targetHints":{"allow":["GET"]}}],"collection":[{"href":"http:\/\/forumdeficiencia.guimaraes.pt\/index.php?rest_route=\/wp\/v2\/posts"}],"about":[{"href":"http:\/\/forumdeficiencia.guimaraes.pt\/index.php?rest_route=\/wp\/v2\/types\/post"}],"author":[{"embeddable":true,"href":"http:\/\/forumdeficiencia.guimaraes.pt\/index.php?rest_route=\/wp\/v2\/users\/2"}],"replies":[{"embeddable":true,"href":"http:\/\/forumdeficiencia.guimaraes.pt\/index.php?rest_route=%2Fwp%2Fv2%2Fcomments&post=2610"}],"version-history":[{"count":2,"href":"http:\/\/forumdeficiencia.guimaraes.pt\/index.php?rest_route=\/wp\/v2\/posts\/2610\/revisions"}],"predecessor-version":[{"id":2613,"href":"http:\/\/forumdeficiencia.guimaraes.pt\/index.php?rest_route=\/wp\/v2\/posts\/2610\/revisions\/2613"}],"wp:featuredmedia":[{"embeddable":true,"href":"http:\/\/forumdeficiencia.guimaraes.pt\/index.php?rest_route=\/wp\/v2\/media\/2611"}],"wp:attachment":[{"href":"http:\/\/forumdeficiencia.guimaraes.pt\/index.php?rest_route=%2Fwp%2Fv2%2Fmedia&parent=2610"}],"wp:term":[{"taxonomy":"category","embeddable":true,"href":"http:\/\/forumdeficiencia.guimaraes.pt\/index.php?rest_route=%2Fwp%2Fv2%2Fcategories&post=2610"},{"taxonomy":"post_tag","embeddable":true,"href":"http:\/\/forumdeficiencia.guimaraes.pt\/index.php?rest_route=%2Fwp%2Fv2%2Ftags&post=2610"}],"curies":[{"name":"wp","href":"https:\/\/api.w.org\/{rel}","templated":true}]}}