{"id":2614,"date":"2023-06-20T10:30:34","date_gmt":"2023-06-20T10:30:34","guid":{"rendered":"https:\/\/forumdeficiencia.guimaraes.pt\/?p=2614"},"modified":"2023-06-20T10:41:24","modified_gmt":"2023-06-20T10:41:24","slug":"a-inclusao-na-diversidade-visite-exposicao-dos-vencedores-ate-30-de-setembro","status":"publish","type":"post","link":"http:\/\/forumdeficiencia.guimaraes.pt\/?p=2614","title":{"rendered":"<strong>\u201cA inclus\u00e3o na diversidade\u201d:<\/strong> <strong>Visite exposi\u00e7\u00e3o dos vencedores at\u00e9 30 de setembro<\/strong>"},"content":{"rendered":"\n<p>A exposi\u00e7\u00e3o dos vencedores da 9.\u00aa edi\u00e7\u00e3o do concurso internacional de fotografia \u201cA inclus\u00e3o na diversidade\u201d vai estar patente na pra\u00e7a do Instituto de Design de Guimar\u00e3es at\u00e9 30 de setembro.<\/p>\n\n\n\n<!--more-->\n\n\n\n<p>O concurso de fotografia, promovido pela revista digital Plural&amp;Singular, dedicada \u00e0 tem\u00e1tica da defici\u00eancia e gerida pelo N\u00facleo de Inclus\u00e3o, Comunica\u00e7\u00e3o e Media, tem vindo a receber exemplares de inclus\u00e3o ou da falta dela enviados de todas as latitudes e este ano n\u00e3o foi exce\u00e7\u00e3o.<\/p>\n\n\n\n<p>A concurso estiveram 82 fotografias e os jurados &#8211; Rita Von Hunty, persona do drag queen Guilherme Terreri Lima Pereira, professor, ator, YouTuber, humorista e orador brasileiro, S\u00f3nia Silva, em representa\u00e7\u00e3o do Centro Portugu\u00eas de Fotografia e o Fotojornalista Paulo Pimenta \u2013 selecionaram seis para premiar, duas delas tiradas no estrangeiro: uma em Mo\u00e7ambique e outra em Fran\u00e7a.<\/p>\n\n\n\n<p>Esta iniciativa acontece em simult\u00e2neo com a realiza\u00e7\u00e3o do Mercadinho Tropical, promovido pelo Bar da Ramada 1930, a partir das 13h00, e que junta os sabores e promete ritmos brasileiros para um p\u00e9 de samba.&nbsp; Junte-se \u00e0 festa e venha celebrar este evento que se realiza no Dia Mundial da Diversidade Cultural para o Di\u00e1logo e o Desenvolvimento.<\/p>\n\n\n\n<p>Durante o m\u00eas de dezembro, a exposi\u00e7\u00e3o ficar\u00e1 em exibi\u00e7\u00e3o, no Centro Portugu\u00eas de Fotografia (CPF), no Porto. A abertura est\u00e1 marcada para dia 03 de dezembro, pelas 16h00 e o evento, assinala o fecho das comemora\u00e7\u00f5es do 10.\u00ba anivers\u00e1rio da Plural&amp;Singular, uma revista digital que abra\u00e7ou a miss\u00e3o de colocar na rota da comunica\u00e7\u00e3o a \u00e1rea da defici\u00eancia e da inclus\u00e3o, lan\u00e7ada pela primeira vez em 2012.<\/p>\n","protected":false},"excerpt":{"rendered":"<p>A exposi\u00e7\u00e3o dos vencedores da 9.\u00aa edi\u00e7\u00e3o do concurso internacional de fotografia \u201cA inclus\u00e3o na diversidade\u201d vai estar patente na pra\u00e7a do Instituto de Design de Guimar\u00e3es at\u00e9 30 de setembro.<\/p>\n","protected":false},"author":2,"featured_media":2615,"comment_status":"open","ping_status":"open","sticky":false,"template":"","format":"standard","meta":{"_monsterinsights_skip_tracking":false,"_monsterinsights_sitenote_active":false,"_monsterinsights_sitenote_note":"","_monsterinsights_sitenote_category":0,"footnotes":""},"categories":[1],"tags":[],"class_list":["post-2614","post","type-post","status-publish","format-standard","has-post-thumbnail","hentry","category-uncategorized"],"_links":{"self":[{"href":"http:\/\/forumdeficiencia.guimaraes.pt\/index.php?rest_route=\/wp\/v2\/posts\/2614","targetHints":{"allow":["GET"]}}],"collection":[{"href":"http:\/\/forumdeficiencia.guimaraes.pt\/index.php?rest_route=\/wp\/v2\/posts"}],"about":[{"href":"http:\/\/forumdeficiencia.guimaraes.pt\/index.php?rest_route=\/wp\/v2\/types\/post"}],"author":[{"embeddable":true,"href":"http:\/\/forumdeficiencia.guimaraes.pt\/index.php?rest_route=\/wp\/v2\/users\/2"}],"replies":[{"embeddable":true,"href":"http:\/\/forumdeficiencia.guimaraes.pt\/index.php?rest_route=%2Fwp%2Fv2%2Fcomments&post=2614"}],"version-history":[{"count":2,"href":"http:\/\/forumdeficiencia.guimaraes.pt\/index.php?rest_route=\/wp\/v2\/posts\/2614\/revisions"}],"predecessor-version":[{"id":2617,"href":"http:\/\/forumdeficiencia.guimaraes.pt\/index.php?rest_route=\/wp\/v2\/posts\/2614\/revisions\/2617"}],"wp:featuredmedia":[{"embeddable":true,"href":"http:\/\/forumdeficiencia.guimaraes.pt\/index.php?rest_route=\/wp\/v2\/media\/2615"}],"wp:attachment":[{"href":"http:\/\/forumdeficiencia.guimaraes.pt\/index.php?rest_route=%2Fwp%2Fv2%2Fmedia&parent=2614"}],"wp:term":[{"taxonomy":"category","embeddable":true,"href":"http:\/\/forumdeficiencia.guimaraes.pt\/index.php?rest_route=%2Fwp%2Fv2%2Fcategories&post=2614"},{"taxonomy":"post_tag","embeddable":true,"href":"http:\/\/forumdeficiencia.guimaraes.pt\/index.php?rest_route=%2Fwp%2Fv2%2Ftags&post=2614"}],"curies":[{"name":"wp","href":"https:\/\/api.w.org\/{rel}","templated":true}]}}