{"id":2618,"date":"2023-06-20T11:40:21","date_gmt":"2023-06-20T11:40:21","guid":{"rendered":"https:\/\/forumdeficiencia.guimaraes.pt\/?p=2618"},"modified":"2023-06-20T11:40:21","modified_gmt":"2023-06-20T11:40:21","slug":"acesso-para-todos-apresentacao-dos-resultados","status":"publish","type":"post","link":"http:\/\/forumdeficiencia.guimaraes.pt\/?p=2618","title":{"rendered":"<strong>+Acesso para Todos: Apresenta\u00e7\u00e3o dos resultados<\/strong>"},"content":{"rendered":"\n<p>Depois do recente evento \u201cPeddypaper + Inclusivo\u201d, foi a vez de apresentar os resultados do projeto \u201c+ Acesso para todos \u2013 Por Comunidades mais Inclusivas\u201d, promovido pela Associa\u00e7\u00e3o Salvador, financiado pela Portugal Inova\u00e7\u00e3o Social e que contou com a colabora\u00e7\u00e3o do Munic\u00edpio de Guimar\u00e3es enquanto investidor social.<\/p>\n\n\n\n<!--more-->\n\n\n\n<p>A sess\u00e3o de encerramento deste projeto contou com a presen\u00e7a da vereadora da A\u00e7\u00e3o Social, Paula Oliveira, da embaixadora da Associa\u00e7\u00e3o Salvador, Sara Coutinho, de Salvador Mendes de Almeida e Joana Gorgueira, colaboradores desta institui\u00e7\u00e3o nacional.<\/p>\n\n\n\n<p>O fundador e presidente da Associa\u00e7\u00e3o Salvador,Salvador Mendes de Almeida sublinhou que \u201co tema das acessibilidades \u00e9 fulcral para toda a popula\u00e7\u00e3o\u201d, alertando sobre o envelhecimento da popula\u00e7\u00e3o portuguesa.<strong><\/strong><\/p>\n\n\n\n<p>A organiza\u00e7\u00e3o tem vindo a alertar as autarquias para a implementa\u00e7\u00e3o de planos de acessibilidades porque \u201cas cidades menos preparadas coloca as pessoas mais isoladas\u201d.&nbsp;<\/p>\n\n\n\n<p>\u201cA lei de acessibilidades tem mais de 20anos, n\u00e3o existe fiscaliza\u00e7\u00e3o ativa e a voz das pessoas com deficientes em Portugal n\u00e3o \u00e9 muito ouvida\u201d, refere Salvador Mendes de Almeida.&nbsp;<\/p>\n\n\n\n<p>O presidente da Associa\u00e7\u00e3o Salvador ressalva ainda que as acessibilidades s\u00e3o essenciais \u201cpara que as pessoas com defici\u00eancia possam viver de forma mais aut\u00f3noma e independente\u201d e que t\u00eam potencial econ\u00f3mico.<\/p>\n\n\n\n<p>Guimar\u00e3es tem colocado no centro da sua agenda a promo\u00e7\u00e3o da inclus\u00e3o social das pessoas com defici\u00eancia, bem como da sua participa\u00e7\u00e3o plena em todas as vertentes da vida comunit\u00e1ria. O apoio ao projeto \u201c+Acesso para Todos \u2013 Por Comunidades Mais Inclusivas\u201d, segundo a autarquia, manifesta que a C\u00e2mara Municipal de Guimar\u00e3es est\u00e1 alinhada com a Estrat\u00e9gia Nacional para a Inclus\u00e3o das Pessoas com Defici\u00eancia 2021-2025.<\/p>\n","protected":false},"excerpt":{"rendered":"<p>Depois do recente evento \u201cPeddypaper + Inclusivo\u201d, foi a vez de apresentar os resultados do projeto \u201c+ Acesso para todos \u2013 Por Comunidades mais Inclusivas\u201d, promovido pela Associa\u00e7\u00e3o Salvador, financiado pela Portugal Inova\u00e7\u00e3o Social e que contou com a colabora\u00e7\u00e3o do Munic\u00edpio de Guimar\u00e3es enquanto investidor social.<\/p>\n","protected":false},"author":2,"featured_media":2619,"comment_status":"open","ping_status":"open","sticky":false,"template":"","format":"standard","meta":{"_monsterinsights_skip_tracking":false,"_monsterinsights_sitenote_active":false,"_monsterinsights_sitenote_note":"","_monsterinsights_sitenote_category":0,"footnotes":""},"categories":[1],"tags":[],"class_list":["post-2618","post","type-post","status-publish","format-standard","has-post-thumbnail","hentry","category-uncategorized"],"_links":{"self":[{"href":"http:\/\/forumdeficiencia.guimaraes.pt\/index.php?rest_route=\/wp\/v2\/posts\/2618","targetHints":{"allow":["GET"]}}],"collection":[{"href":"http:\/\/forumdeficiencia.guimaraes.pt\/index.php?rest_route=\/wp\/v2\/posts"}],"about":[{"href":"http:\/\/forumdeficiencia.guimaraes.pt\/index.php?rest_route=\/wp\/v2\/types\/post"}],"author":[{"embeddable":true,"href":"http:\/\/forumdeficiencia.guimaraes.pt\/index.php?rest_route=\/wp\/v2\/users\/2"}],"replies":[{"embeddable":true,"href":"http:\/\/forumdeficiencia.guimaraes.pt\/index.php?rest_route=%2Fwp%2Fv2%2Fcomments&post=2618"}],"version-history":[{"count":1,"href":"http:\/\/forumdeficiencia.guimaraes.pt\/index.php?rest_route=\/wp\/v2\/posts\/2618\/revisions"}],"predecessor-version":[{"id":2620,"href":"http:\/\/forumdeficiencia.guimaraes.pt\/index.php?rest_route=\/wp\/v2\/posts\/2618\/revisions\/2620"}],"wp:featuredmedia":[{"embeddable":true,"href":"http:\/\/forumdeficiencia.guimaraes.pt\/index.php?rest_route=\/wp\/v2\/media\/2619"}],"wp:attachment":[{"href":"http:\/\/forumdeficiencia.guimaraes.pt\/index.php?rest_route=%2Fwp%2Fv2%2Fmedia&parent=2618"}],"wp:term":[{"taxonomy":"category","embeddable":true,"href":"http:\/\/forumdeficiencia.guimaraes.pt\/index.php?rest_route=%2Fwp%2Fv2%2Fcategories&post=2618"},{"taxonomy":"post_tag","embeddable":true,"href":"http:\/\/forumdeficiencia.guimaraes.pt\/index.php?rest_route=%2Fwp%2Fv2%2Ftags&post=2618"}],"curies":[{"name":"wp","href":"https:\/\/api.w.org\/{rel}","templated":true}]}}