{"id":2906,"date":"2024-04-15T14:53:00","date_gmt":"2024-04-15T14:53:00","guid":{"rendered":"https:\/\/forumdeficiencia.guimaraes.pt\/?p=2906"},"modified":"2024-04-18T13:13:38","modified_gmt":"2024-04-18T13:13:38","slug":"vida-independente-marcha-em-guimaraes-a-05-de-maio","status":"publish","type":"post","link":"http:\/\/forumdeficiencia.guimaraes.pt\/?p=2906","title":{"rendered":"Vida Independente marcha em Guimar\u00e3es a 05 de maio"},"content":{"rendered":"\n<p>A 05 de maio \u00e9 o Dia Europeu da Vida Independente e para assinalar esta data, o Centro de Vida Independente promove uma marcha, em v\u00e1rios pontos do pa\u00eds, incluindo Guimar\u00e3es que pretende defender a Vida Independente, uma filosofia que garante &#8220;uma efetiva autorrepresenta\u00e7\u00e3o e autodetermina\u00e7\u00e3o&#8221; das pessoas com defici\u00eancia e pretende reivindicar uma assist\u00eancia pessoal adequada e acess\u00edvel a toda a gente que dela precisa.<\/p>\n\n\n\n<!--more-->\n\n\n\n<p>Os 36 Centros de Apoio \u00e0 Vida Independente (CAVI) que existem atualmente tiveram um aumento de 30% de financiamento, p\u00f3s o final do projeto-piloto, para as pessoas que precisam de apoio para se levantar da cama, para se orientarem na cidade ou para fazerem as suas refei\u00e7\u00f5es e alimentar-se.<\/p>\n\n\n\n<p>As milhares de pessoas que est\u00e3o em lista de espera continuam a aguardar por resposta e n\u00e3o h\u00e1 qualquer previs\u00e3o de quando ser\u00e1 poss\u00edvel a abertura de novos CAVI.<\/p>\n\n\n\n<p>Do balan\u00e7o efetuado no final da legislatura pela secret\u00e1ria de Estado da Inclus\u00e3o, Ana Sofia Antunes d\u00e1 conta &nbsp;que os novos acordos de coopera\u00e7\u00e3o com os Centros de Apoio \u00e0 Vida Independente que tornaram a assist\u00eancia pessoal para pessoas com defici\u00eancia uma resposta permanente da Seguran\u00e7a Social para pessoas com defici\u00eancia preveem o alargamento do n\u00famero de horas de assist\u00eancia pessoal em cerca de 10 mil horas em rela\u00e7\u00e3o aos projetos-piloto anteriormente em vigor: existir\u00e1 um aumento de 94 mil horas mensais para as 104 mil horas agora contratualizadas.<\/p>\n\n\n\n<p>Dos atuais 1060 destinat\u00e1rios estima-se alcan\u00e7ar cerca de 1.250 destinat\u00e1rios e o consequente aumento de assistentes pessoais que agora totalizam os 788.<\/p>\n\n\n\n<p>O coletivo Vida Independente em Marcha receia o futuro desta resposta, ao constatar que o \u201cGoverno recentemente empossado n\u00e3o integrou uma linha que fosse sobre a Vida Independente no programa de governo\u201d.<\/p>\n\n\n\n<p>\u201cTemos de ser n\u00f3s, pessoas com defici\u00eancia, em conjunto com as nossas fam\u00edlias e aliados, a exigir a este Governo, n\u00e3o s\u00f3 um investimento claro na presta\u00e7\u00e3o de assist\u00eancia pessoal como, tamb\u00e9m, na solu\u00e7\u00e3o das barreiras que diariamente enfrentamos, nomeadamente, ao n\u00edvel do acesso \u00e0 informa\u00e7\u00e3o, ao espa\u00e7o p\u00fablico, aos transportes, \u00e0 educa\u00e7\u00e3o e forma\u00e7\u00e3o profissional, ao emprego, \u00e0 habita\u00e7\u00e3o ou \u00e0 sa\u00fade\u201d, enumera o comunicado que pretende mobilizar as pessoas \u00e0 participa\u00e7\u00e3o da marcha.<\/p>\n\n\n\n<p>S\u00e3o estas barreiras que nos impedem de viver plenamente. S\u00e3o estas barreiras que t\u00eam de ser derrubadas!<\/p>\n\n\n\n<p>Apelam a que as pessoas \u2013 com defici\u00eancia, tenha algu\u00e9m com defici\u00eancia na fam\u00edlia ou, muito simplesmente, que luta pelos direitos humanos \u2013 saiam \u00e0 rua no pr\u00f3ximo dia 5 de maio, dia Europeu da Vida Independente e se juntem \u00e0s marchas marcada para as 15h30 nas seguintes cidades: &nbsp;Braga, Guimar\u00e3es, Vila Real, Porto, Coimbra, Lisboa, Faro e em S\u00e3o Miguel, nos A\u00e7ores &nbsp;(hor\u00e1rio a confirmar).<\/p>\n\n\n\n<p>\u00c9 no dia 01 de maio que, em Guimar\u00e3es, as pessoas se v\u00e3o juntar, a partir das 15h00 no Parque da Alameda Cidade&nbsp;de&nbsp;Lisboa para a cria\u00e7\u00e3o de cartazes alusivos a utilizar na Marcha pela Vida Independente.<\/p>\n\n\n\n<figure class=\"wp-block-gallery has-nested-images columns-default is-cropped wp-block-gallery-1 is-layout-flex wp-block-gallery-is-layout-flex\">\n<figure class=\"wp-block-image size-large\"><img loading=\"lazy\" decoding=\"async\" width=\"1024\" height=\"1024\" data-id=\"2908\" src=\"https:\/\/forumdeficiencia.guimaraes.pt\/wp-content\/uploads\/2024\/04\/Oficina-de-cartazes-1024x1024.jpg\" alt=\"\" class=\"wp-image-2908\" srcset=\"http:\/\/forumdeficiencia.guimaraes.pt\/wp-content\/uploads\/2024\/04\/Oficina-de-cartazes-1024x1024.jpg 1024w, http:\/\/forumdeficiencia.guimaraes.pt\/wp-content\/uploads\/2024\/04\/Oficina-de-cartazes-300x300.jpg 300w, http:\/\/forumdeficiencia.guimaraes.pt\/wp-content\/uploads\/2024\/04\/Oficina-de-cartazes-150x150.jpg 150w, http:\/\/forumdeficiencia.guimaraes.pt\/wp-content\/uploads\/2024\/04\/Oficina-de-cartazes-768x768.jpg 768w, http:\/\/forumdeficiencia.guimaraes.pt\/wp-content\/uploads\/2024\/04\/Oficina-de-cartazes.jpg 1080w\" sizes=\"auto, (max-width: 1024px) 100vw, 1024px\" \/><\/figure>\n<\/figure>\n","protected":false},"excerpt":{"rendered":"<p>A 05 de maio \u00e9 o Dia Europeu da Vida Independente e para assinalar esta data, o Centro de Vida Independente promove uma marcha, em v\u00e1rios pontos do pa\u00eds, incluindo Guimar\u00e3es que pretende defender a Vida Independente, uma filosofia que garante &#8220;uma efetiva autorrepresenta\u00e7\u00e3o e autodetermina\u00e7\u00e3o&#8221; das pessoas com defici\u00eancia e pretende reivindicar uma assist\u00eancia [&hellip;]<\/p>\n","protected":false},"author":2,"featured_media":2907,"comment_status":"open","ping_status":"open","sticky":false,"template":"","format":"standard","meta":{"_monsterinsights_skip_tracking":false,"_monsterinsights_sitenote_active":false,"_monsterinsights_sitenote_note":"","_monsterinsights_sitenote_category":0,"footnotes":""},"categories":[1],"tags":[],"class_list":["post-2906","post","type-post","status-publish","format-standard","has-post-thumbnail","hentry","category-uncategorized"],"_links":{"self":[{"href":"http:\/\/forumdeficiencia.guimaraes.pt\/index.php?rest_route=\/wp\/v2\/posts\/2906","targetHints":{"allow":["GET"]}}],"collection":[{"href":"http:\/\/forumdeficiencia.guimaraes.pt\/index.php?rest_route=\/wp\/v2\/posts"}],"about":[{"href":"http:\/\/forumdeficiencia.guimaraes.pt\/index.php?rest_route=\/wp\/v2\/types\/post"}],"author":[{"embeddable":true,"href":"http:\/\/forumdeficiencia.guimaraes.pt\/index.php?rest_route=\/wp\/v2\/users\/2"}],"replies":[{"embeddable":true,"href":"http:\/\/forumdeficiencia.guimaraes.pt\/index.php?rest_route=%2Fwp%2Fv2%2Fcomments&post=2906"}],"version-history":[{"count":1,"href":"http:\/\/forumdeficiencia.guimaraes.pt\/index.php?rest_route=\/wp\/v2\/posts\/2906\/revisions"}],"predecessor-version":[{"id":2909,"href":"http:\/\/forumdeficiencia.guimaraes.pt\/index.php?rest_route=\/wp\/v2\/posts\/2906\/revisions\/2909"}],"wp:featuredmedia":[{"embeddable":true,"href":"http:\/\/forumdeficiencia.guimaraes.pt\/index.php?rest_route=\/wp\/v2\/media\/2907"}],"wp:attachment":[{"href":"http:\/\/forumdeficiencia.guimaraes.pt\/index.php?rest_route=%2Fwp%2Fv2%2Fmedia&parent=2906"}],"wp:term":[{"taxonomy":"category","embeddable":true,"href":"http:\/\/forumdeficiencia.guimaraes.pt\/index.php?rest_route=%2Fwp%2Fv2%2Fcategories&post=2906"},{"taxonomy":"post_tag","embeddable":true,"href":"http:\/\/forumdeficiencia.guimaraes.pt\/index.php?rest_route=%2Fwp%2Fv2%2Ftags&post=2906"}],"curies":[{"name":"wp","href":"https:\/\/api.w.org\/{rel}","templated":true}]}}