{"id":3075,"date":"2024-07-16T13:11:55","date_gmt":"2024-07-16T13:11:55","guid":{"rendered":"https:\/\/forumdeficiencia.guimaraes.pt\/?p=3075"},"modified":"2024-07-18T13:15:29","modified_gmt":"2024-07-18T13:15:29","slug":"cercigui-participa-no-rock-in-rio-lisboa-2024","status":"publish","type":"post","link":"http:\/\/forumdeficiencia.guimaraes.pt\/?p=3075","title":{"rendered":"Cercigui participa no Rock in Rio Lisboa 2024"},"content":{"rendered":"\n<p>Os clientes da Cercigui vibraram ao som do Rock in Rio Lisboa 2024, que este ano instalou a grande cidade do rock no Parque Tejo.<\/p>\n\n\n\n<!--more-->\n\n\n\n<p>Foi com entusiasmo que o grupo da Cercigui rumou ao evento na capital, pronto para criar mem\u00f3rias inesquec\u00edveis e divertir-se num dos maiores festivais de m\u00fasica realizados em Portugal. A Cercigui teve a oportunidade de participar neste evento ic\u00f3nico gra\u00e7as \u00e0 oferta de bilhetes feita pela Fenacerci &#8211; Federa\u00e7\u00e3o Nacional de Cooperativas de Solidariedade Social, um gesto que refor\u00e7a a import\u00e2ncia da inclus\u00e3o e do acesso a eventos culturais e experi\u00eancias transformadoras para todas as pessoas.<\/p>\n","protected":false},"excerpt":{"rendered":"<p>Os clientes da Cercigui vibraram ao som do Rock in Rio Lisboa 2024, que este ano instalou a grande cidade do rock no Parque Tejo.<\/p>\n","protected":false},"author":2,"featured_media":3076,"comment_status":"open","ping_status":"open","sticky":false,"template":"","format":"standard","meta":{"_monsterinsights_skip_tracking":false,"_monsterinsights_sitenote_active":false,"_monsterinsights_sitenote_note":"","_monsterinsights_sitenote_category":0,"footnotes":""},"categories":[1],"tags":[],"class_list":["post-3075","post","type-post","status-publish","format-standard","has-post-thumbnail","hentry","category-uncategorized"],"_links":{"self":[{"href":"http:\/\/forumdeficiencia.guimaraes.pt\/index.php?rest_route=\/wp\/v2\/posts\/3075","targetHints":{"allow":["GET"]}}],"collection":[{"href":"http:\/\/forumdeficiencia.guimaraes.pt\/index.php?rest_route=\/wp\/v2\/posts"}],"about":[{"href":"http:\/\/forumdeficiencia.guimaraes.pt\/index.php?rest_route=\/wp\/v2\/types\/post"}],"author":[{"embeddable":true,"href":"http:\/\/forumdeficiencia.guimaraes.pt\/index.php?rest_route=\/wp\/v2\/users\/2"}],"replies":[{"embeddable":true,"href":"http:\/\/forumdeficiencia.guimaraes.pt\/index.php?rest_route=%2Fwp%2Fv2%2Fcomments&post=3075"}],"version-history":[{"count":1,"href":"http:\/\/forumdeficiencia.guimaraes.pt\/index.php?rest_route=\/wp\/v2\/posts\/3075\/revisions"}],"predecessor-version":[{"id":3077,"href":"http:\/\/forumdeficiencia.guimaraes.pt\/index.php?rest_route=\/wp\/v2\/posts\/3075\/revisions\/3077"}],"wp:featuredmedia":[{"embeddable":true,"href":"http:\/\/forumdeficiencia.guimaraes.pt\/index.php?rest_route=\/wp\/v2\/media\/3076"}],"wp:attachment":[{"href":"http:\/\/forumdeficiencia.guimaraes.pt\/index.php?rest_route=%2Fwp%2Fv2%2Fmedia&parent=3075"}],"wp:term":[{"taxonomy":"category","embeddable":true,"href":"http:\/\/forumdeficiencia.guimaraes.pt\/index.php?rest_route=%2Fwp%2Fv2%2Fcategories&post=3075"},{"taxonomy":"post_tag","embeddable":true,"href":"http:\/\/forumdeficiencia.guimaraes.pt\/index.php?rest_route=%2Fwp%2Fv2%2Ftags&post=3075"}],"curies":[{"name":"wp","href":"https:\/\/api.w.org\/{rel}","templated":true}]}}