{"id":3084,"date":"2024-07-16T13:21:32","date_gmt":"2024-07-16T13:21:32","guid":{"rendered":"https:\/\/forumdeficiencia.guimaraes.pt\/?p=3084"},"modified":"2024-07-18T13:24:05","modified_gmt":"2024-07-18T13:24:05","slug":"acao-de-sensibilizacao-sobre-a-cegueira","status":"publish","type":"post","link":"http:\/\/forumdeficiencia.guimaraes.pt\/?p=3084","title":{"rendered":"A\u00e7\u00e3o de Sensibiliza\u00e7\u00e3o sobre a Cegueira"},"content":{"rendered":"\n<p>No m\u00eas passado, a CERCIGUI promoveu uma elucidativa a\u00e7\u00e3o de sensibiliza\u00e7\u00e3o sobre a cegueira, abordando os desafios quotidianos enfrentados pelas pessoas com defici\u00eancia visual. A atividade foi conduzida por Nuno Costa, um dos formandos do curso de Operador de Inform\u00e1tica desta entidade vimaranense e pela sua esposa, Ana Nascimento.<\/p>\n\n\n\n<!--more-->\n\n\n\n<p>Durante a sess\u00e3o, muitas perguntas foram respondidas, e foram desmistificadas ideias pr\u00e9-concebidas e aclaradas as d\u00favidas sobre como os cegos realizam tarefas di\u00e1rias que muitos consideram triviais. Por exemplo, os participantes aprenderam como os cegos contam o dinheiro, escolhem a roupa e distinguem as cores.<\/p>\n\n\n\n<p>Atrav\u00e9s de explica\u00e7\u00f5es detalhadas e demonstra\u00e7\u00f5es pr\u00e1ticas, Nuno e Ana proporcionaram uma compreens\u00e3o mais profunda sobre as t\u00e9cnicas e recursos utilizados por pessoas cegas para realizar as atividades de vida di\u00e1ria de forma independente.<\/p>\n\n\n\n<figure class=\"wp-block-image size-large\"><img loading=\"lazy\" decoding=\"async\" width=\"1024\" height=\"768\" src=\"http:\/\/forumdeficiencia.guimaraes.pt\/wp-content\/uploads\/2024\/07\/nuno_costa-1024x768.jpg\" alt=\"\" class=\"wp-image-3085\" srcset=\"http:\/\/forumdeficiencia.guimaraes.pt\/wp-content\/uploads\/2024\/07\/nuno_costa-1024x768.jpg 1024w, http:\/\/forumdeficiencia.guimaraes.pt\/wp-content\/uploads\/2024\/07\/nuno_costa-300x225.jpg 300w, http:\/\/forumdeficiencia.guimaraes.pt\/wp-content\/uploads\/2024\/07\/nuno_costa-768x576.jpg 768w, http:\/\/forumdeficiencia.guimaraes.pt\/wp-content\/uploads\/2024\/07\/nuno_costa-1536x1152.jpg 1536w, http:\/\/forumdeficiencia.guimaraes.pt\/wp-content\/uploads\/2024\/07\/nuno_costa.jpg 2048w\" sizes=\"auto, (max-width: 1024px) 100vw, 1024px\" \/><\/figure>\n\n\n\n<p>Segundo a Cercigui, o evento foi um sucesso, promovendo uma maior empatia e compreens\u00e3o entre todas as pessoas presentes, tendo sido mais uma oportunidade para a comunidade aceder a informa\u00e7\u00f5es valiosas sobre a inclus\u00e3o e os direitos das pessoas com defici\u00eancia.<\/p>\n","protected":false},"excerpt":{"rendered":"<p>Nuno Costa e Ana Nascimento durante a sess\u00e3o de sensibiliza\u00e7\u00e3o <\/p>\n","protected":false},"author":2,"featured_media":3086,"comment_status":"open","ping_status":"open","sticky":false,"template":"","format":"standard","meta":{"_monsterinsights_skip_tracking":false,"_monsterinsights_sitenote_active":false,"_monsterinsights_sitenote_note":"","_monsterinsights_sitenote_category":0,"footnotes":""},"categories":[1],"tags":[],"class_list":["post-3084","post","type-post","status-publish","format-standard","has-post-thumbnail","hentry","category-uncategorized"],"_links":{"self":[{"href":"http:\/\/forumdeficiencia.guimaraes.pt\/index.php?rest_route=\/wp\/v2\/posts\/3084","targetHints":{"allow":["GET"]}}],"collection":[{"href":"http:\/\/forumdeficiencia.guimaraes.pt\/index.php?rest_route=\/wp\/v2\/posts"}],"about":[{"href":"http:\/\/forumdeficiencia.guimaraes.pt\/index.php?rest_route=\/wp\/v2\/types\/post"}],"author":[{"embeddable":true,"href":"http:\/\/forumdeficiencia.guimaraes.pt\/index.php?rest_route=\/wp\/v2\/users\/2"}],"replies":[{"embeddable":true,"href":"http:\/\/forumdeficiencia.guimaraes.pt\/index.php?rest_route=%2Fwp%2Fv2%2Fcomments&post=3084"}],"version-history":[{"count":1,"href":"http:\/\/forumdeficiencia.guimaraes.pt\/index.php?rest_route=\/wp\/v2\/posts\/3084\/revisions"}],"predecessor-version":[{"id":3087,"href":"http:\/\/forumdeficiencia.guimaraes.pt\/index.php?rest_route=\/wp\/v2\/posts\/3084\/revisions\/3087"}],"wp:featuredmedia":[{"embeddable":true,"href":"http:\/\/forumdeficiencia.guimaraes.pt\/index.php?rest_route=\/wp\/v2\/media\/3086"}],"wp:attachment":[{"href":"http:\/\/forumdeficiencia.guimaraes.pt\/index.php?rest_route=%2Fwp%2Fv2%2Fmedia&parent=3084"}],"wp:term":[{"taxonomy":"category","embeddable":true,"href":"http:\/\/forumdeficiencia.guimaraes.pt\/index.php?rest_route=%2Fwp%2Fv2%2Fcategories&post=3084"},{"taxonomy":"post_tag","embeddable":true,"href":"http:\/\/forumdeficiencia.guimaraes.pt\/index.php?rest_route=%2Fwp%2Fv2%2Ftags&post=3084"}],"curies":[{"name":"wp","href":"https:\/\/api.w.org\/{rel}","templated":true}]}}