{"id":3090,"date":"2024-07-16T16:34:38","date_gmt":"2024-07-16T16:34:38","guid":{"rendered":"https:\/\/forumdeficiencia.guimaraes.pt\/?p=3090"},"modified":"2024-07-19T11:35:06","modified_gmt":"2024-07-19T11:35:06","slug":"gala-do-desporto-2024-celebracao-dos-herois-do-desporto-adaptado","status":"publish","type":"post","link":"http:\/\/forumdeficiencia.guimaraes.pt\/?p=3090","title":{"rendered":"Gala do Desporto 2024: Distingue Desporto Adaptado"},"content":{"rendered":"\n<p>No passado s\u00e1bado, dia 13 de julho, o Largo do Toural foi o palco da Gala do Desporto 2024. Entre os muitos homenageados, o destaque foi para Leonel Alves, que recebeu emocionado o Pr\u00e9mio de Desporto Adaptado, num momento de grande alegria para todos os presentes.<\/p>\n\n\n\n<!--more-->\n\n\n\n<p>Este evento, organizada pelo Munic\u00edpio de Guimar\u00e3es e pela Tempo Livre, reuniu milhares de vimaranenses e atletas medalhados, celebrando as conquistas desportivas de um ano repleto de vit\u00f3rias. E Leonel Alves, formando do CRFP da Cercigui e atleta representado pela JUNI &#8211; Jovens Unidos Num Ideal, foi um dos galardoados por ter sido identificado como um exemplo de determina\u00e7\u00e3o e resili\u00eancia, inspirando muitos a lutar pelos seus sonhos.<\/p>\n\n\n\n<p>A Cercigui considera que o pr\u00e9mio recebido \u00e9 um reconhecimento justo pela respetiva dedica\u00e7\u00e3o e esfor\u00e7o cont\u00ednuo.<\/p>\n\n\n\n<p>A Gala do Desporto 2024 teve in\u00edcio \u00e0s 21h00 e contou com a entrega de 12 trof\u00e9us, al\u00e9m dos Pr\u00e9mios de M\u00e9rito Desportivo. Entre os premiados, destacam-se:<\/p>\n\n\n\n<p>Projeto Desportivo do Ano: ERDAL<\/p>\n\n\n\n<p>Dirigente Desportivo do Ano: Filipe Ferreira<\/p>\n\n\n\n<p>Desporto Adaptado: Leonel Alves<\/p>\n\n\n\n<p>\u00c9tica no Desporto: Nuno Mendes<\/p>\n\n\n\n<p>Pr\u00e9mio Homenagem: M\u00e1rio Miranda<\/p>\n\n\n\n<p>Pr\u00e9mio Carreira: Jo\u00e3o Sousa e Rui Bragan\u00e7a<\/p>\n\n\n\n<p>Grande Pr\u00e9mio do J\u00fari: Jo\u00e3o Costa<\/p>\n\n\n\n<p>Atleta do Ano Feminina: Francisca Jorge<\/p>\n\n\n\n<p>Atleta do Ano Masculino: Pedro Gil<\/p>\n\n\n\n<p>Jovem Revela\u00e7\u00e3o Feminina: Sara Ferreira<\/p>\n\n\n\n<p>Jovem Revela\u00e7\u00e3o Masculina: Salvador Oliveira<\/p>\n\n\n\n<p>A noite foi repleta de homenagens e reconhecimentos aos atletas de clubes vimaranenses que se destacaram em diferentes campeonatos, tendo sido, inclusivamente, atribu\u00eddas duas bolsas de forma\u00e7\u00e3o desportiva no valor de 2.500 euros cada, incentivando o desenvolvimento cont\u00ednuo dos jovens talentos.<\/p>\n\n\n\n<p>O evento contou ainda com atua\u00e7\u00f5es art\u00edsticas que enriqueceram a noite, incluindo performances da cantora Maria Jo\u00e3o Soares, do Grupo de Dan\u00e7a da Escola Secund\u00e1ria Francisco de Holanda, e do DJ Tiago TT, que encerrou a gala com uma apresenta\u00e7\u00e3o vibrante.<\/p>\n","protected":false},"excerpt":{"rendered":"<p>No passado s\u00e1bado, dia 13 de julho, o Largo do Toural foi o palco da Gala do Desporto 2024. Entre os muitos homenageados, o destaque foi para Leonel Alves, que recebeu emocionado o Pr\u00e9mio de Desporto Adaptado, num momento de grande alegria para todos os presentes.<\/p>\n","protected":false},"author":2,"featured_media":3091,"comment_status":"open","ping_status":"open","sticky":false,"template":"","format":"standard","meta":{"_monsterinsights_skip_tracking":false,"_monsterinsights_sitenote_active":false,"_monsterinsights_sitenote_note":"","_monsterinsights_sitenote_category":0,"footnotes":""},"categories":[1],"tags":[],"class_list":["post-3090","post","type-post","status-publish","format-standard","has-post-thumbnail","hentry","category-uncategorized"],"_links":{"self":[{"href":"http:\/\/forumdeficiencia.guimaraes.pt\/index.php?rest_route=\/wp\/v2\/posts\/3090","targetHints":{"allow":["GET"]}}],"collection":[{"href":"http:\/\/forumdeficiencia.guimaraes.pt\/index.php?rest_route=\/wp\/v2\/posts"}],"about":[{"href":"http:\/\/forumdeficiencia.guimaraes.pt\/index.php?rest_route=\/wp\/v2\/types\/post"}],"author":[{"embeddable":true,"href":"http:\/\/forumdeficiencia.guimaraes.pt\/index.php?rest_route=\/wp\/v2\/users\/2"}],"replies":[{"embeddable":true,"href":"http:\/\/forumdeficiencia.guimaraes.pt\/index.php?rest_route=%2Fwp%2Fv2%2Fcomments&post=3090"}],"version-history":[{"count":2,"href":"http:\/\/forumdeficiencia.guimaraes.pt\/index.php?rest_route=\/wp\/v2\/posts\/3090\/revisions"}],"predecessor-version":[{"id":3102,"href":"http:\/\/forumdeficiencia.guimaraes.pt\/index.php?rest_route=\/wp\/v2\/posts\/3090\/revisions\/3102"}],"wp:featuredmedia":[{"embeddable":true,"href":"http:\/\/forumdeficiencia.guimaraes.pt\/index.php?rest_route=\/wp\/v2\/media\/3091"}],"wp:attachment":[{"href":"http:\/\/forumdeficiencia.guimaraes.pt\/index.php?rest_route=%2Fwp%2Fv2%2Fmedia&parent=3090"}],"wp:term":[{"taxonomy":"category","embeddable":true,"href":"http:\/\/forumdeficiencia.guimaraes.pt\/index.php?rest_route=%2Fwp%2Fv2%2Fcategories&post=3090"},{"taxonomy":"post_tag","embeddable":true,"href":"http:\/\/forumdeficiencia.guimaraes.pt\/index.php?rest_route=%2Fwp%2Fv2%2Ftags&post=3090"}],"curies":[{"name":"wp","href":"https:\/\/api.w.org\/{rel}","templated":true}]}}