{"id":3096,"date":"2024-07-16T09:57:33","date_gmt":"2024-07-16T09:57:33","guid":{"rendered":"https:\/\/forumdeficiencia.guimaraes.pt\/?p=3096"},"modified":"2024-07-19T10:00:03","modified_gmt":"2024-07-19T10:00:03","slug":"mes-do-orgulho-das-pessoas-com-deficiencia-assinalado-em-guimaraes","status":"publish","type":"post","link":"http:\/\/forumdeficiencia.guimaraes.pt\/?p=3096","title":{"rendered":"M\u00eas do Orgulho das pessoas com defici\u00eancia assinalado em Guimar\u00e3es"},"content":{"rendered":"\n<p>O m\u00eas de julho \u00e9 um per\u00edodo dedicado ao orgulho da pessoa com defici\u00eancia. Este ano, o Centro de Vida Independente e o Projeto Sara Coutinho desafiam todas as pessoas interessadas a participarem no evento Fnac Talks \u201cCaf\u00e9 com Tudo Inclu\u00eddo\u201d que se realiza no dia 21 de julho, pelas 17h30.<\/p>\n\n\n\n<!--more-->\n\n\n\n<p>Este momento, que pretende marcar esta ocasi\u00e3o, ser\u00e1 um encontro gratuito que promete ser um momento de conviv\u00eancia, partilha e inclus\u00e3o. Esta iniciativa \u00e9 uma oportunidade para discutir temas relevantes, trocar experi\u00eancias e fortalecer la\u00e7os dentro da comunidade de pessoas com e sem defici\u00eancia.<\/p>\n\n\n\n<p>Este evento n\u00e3o s\u00f3 celebra o orgulho da pessoa com defici\u00eancia, mas tamb\u00e9m refor\u00e7a o compromisso do CVI Vale do Ave e do Projeto Sara Coutinho com a inclus\u00e3o e a igualdade.<\/p>\n\n\n\n<p>A proposta \u00e9 simples: tomar um caf\u00e9, gratuitamente, num ambiente onde todos se sintam bem-vindos e valorizados.<\/p>\n","protected":false},"excerpt":{"rendered":"<p>O m\u00eas de julho \u00e9 um per\u00edodo dedicado ao orgulho da pessoa com defici\u00eancia. Este ano, o Centro de Vida Independente e o Projeto Sara Coutinho desafiam todas as pessoas interessadas a participarem no evento Fnac Talks \u201cCaf\u00e9 com Tudo Inclu\u00eddo\u201d que se realiza no dia 21 de julho, pelas 17h30.<\/p>\n","protected":false},"author":2,"featured_media":3097,"comment_status":"open","ping_status":"open","sticky":false,"template":"","format":"standard","meta":{"_monsterinsights_skip_tracking":false,"_monsterinsights_sitenote_active":false,"_monsterinsights_sitenote_note":"","_monsterinsights_sitenote_category":0,"footnotes":""},"categories":[1],"tags":[],"class_list":["post-3096","post","type-post","status-publish","format-standard","has-post-thumbnail","hentry","category-uncategorized"],"_links":{"self":[{"href":"http:\/\/forumdeficiencia.guimaraes.pt\/index.php?rest_route=\/wp\/v2\/posts\/3096","targetHints":{"allow":["GET"]}}],"collection":[{"href":"http:\/\/forumdeficiencia.guimaraes.pt\/index.php?rest_route=\/wp\/v2\/posts"}],"about":[{"href":"http:\/\/forumdeficiencia.guimaraes.pt\/index.php?rest_route=\/wp\/v2\/types\/post"}],"author":[{"embeddable":true,"href":"http:\/\/forumdeficiencia.guimaraes.pt\/index.php?rest_route=\/wp\/v2\/users\/2"}],"replies":[{"embeddable":true,"href":"http:\/\/forumdeficiencia.guimaraes.pt\/index.php?rest_route=%2Fwp%2Fv2%2Fcomments&post=3096"}],"version-history":[{"count":1,"href":"http:\/\/forumdeficiencia.guimaraes.pt\/index.php?rest_route=\/wp\/v2\/posts\/3096\/revisions"}],"predecessor-version":[{"id":3098,"href":"http:\/\/forumdeficiencia.guimaraes.pt\/index.php?rest_route=\/wp\/v2\/posts\/3096\/revisions\/3098"}],"wp:featuredmedia":[{"embeddable":true,"href":"http:\/\/forumdeficiencia.guimaraes.pt\/index.php?rest_route=\/wp\/v2\/media\/3097"}],"wp:attachment":[{"href":"http:\/\/forumdeficiencia.guimaraes.pt\/index.php?rest_route=%2Fwp%2Fv2%2Fmedia&parent=3096"}],"wp:term":[{"taxonomy":"category","embeddable":true,"href":"http:\/\/forumdeficiencia.guimaraes.pt\/index.php?rest_route=%2Fwp%2Fv2%2Fcategories&post=3096"},{"taxonomy":"post_tag","embeddable":true,"href":"http:\/\/forumdeficiencia.guimaraes.pt\/index.php?rest_route=%2Fwp%2Fv2%2Ftags&post=3096"}],"curies":[{"name":"wp","href":"https:\/\/api.w.org\/{rel}","templated":true}]}}