{"id":3099,"date":"2024-07-16T10:37:55","date_gmt":"2024-07-16T10:37:55","guid":{"rendered":"https:\/\/forumdeficiencia.guimaraes.pt\/?p=3099"},"modified":"2024-07-19T10:40:42","modified_gmt":"2024-07-19T10:40:42","slug":"guimaraes-participa-no-6-o-encontro-distrital-da-rede-de-balcoes-da-inclusao","status":"publish","type":"post","link":"http:\/\/forumdeficiencia.guimaraes.pt\/?p=3099","title":{"rendered":"Guimar\u00e3es participa no 6.\u00ba Encontro Distrital da Rede de Balc\u00f5es da Inclus\u00e3o"},"content":{"rendered":"\n<p>O 6.\u00ba Encontro Distrital dos Balc\u00f5es da Inclus\u00e3o (BI) dos distritos de Braga e Viana do Castelo, organizado pelo Instituto Nacional para a Reabilita\u00e7\u00e3o (INR) em parceria com o munic\u00edpio de Vouzela, ocorreu no dia 12 de julho em Vizela e o munic\u00edpio vimaranense fez-se representar pela t\u00e9cnica respons\u00e1vel por este servi\u00e7o, Daniela Fernandes.<\/p>\n\n\n\n<!--more-->\n\n\n\n<p>A abertura do evento foi realizada pela Chefe da Unidade da A\u00e7\u00e3o Social e Habita\u00e7\u00e3o Social da C\u00e2mara Municipal de Vizela, Ana Machado, e pelo presidente do Conselho Diretivo do INR, Rodrigo Ramos. A media\u00e7\u00e3o ficou a cargo de Eduarda Saraiva, Chefe de Divis\u00e3o da Unidade de Coordena\u00e7\u00e3o e Gest\u00e3o de Parcerias do INR, e Gisela Afonso, Coordenadora da Rede de Balc\u00f5es Municipais.<\/p>\n\n\n\n<p>Foi enfatizada a import\u00e2ncia dos encontros presenciais para a troca de informa\u00e7\u00f5es e fortalecimento do trabalho em rede e o conhecimento das din\u00e2micas dos Balc\u00f5es da Inclus\u00e3o e a identifica\u00e7\u00e3o das boas pr\u00e1ticas, com o objetivo de fomentar sinergias de funcionamento.<\/p>\n\n\n\n<p>As discuss\u00f5es abordaram a import\u00e2ncia do ativismo pelos direitos das pessoas com defici\u00eancia e a implementa\u00e7\u00e3o de projetos inclusivos, tendo, inclusivamente, sido feito, da parte da tarde, um debate sobre a integra\u00e7\u00e3o no mercado de trabalho.<\/p>\n\n\n\n<p>Este momento contou com a participa\u00e7\u00e3o da terapeuta ocupacional da Associa\u00e7\u00e3o Para A Integra\u00e7\u00e3o e Reabilita\u00e7\u00e3o Social de Crian\u00e7as e Jovens Deficientes de Vizela (AIREV), Rita Rocha, um formando de um Curso de Serigrafia e Estamparia, atualmente em est\u00e1gio, Pedro Pereira, e o empres\u00e1rio da empresa Costampa &#8211; Estamparia, Lda, Joaquim Costa.<\/p>\n\n\n\n<p>Os palestrantes discutiram os desafios e oportunidades na inclus\u00e3o de pessoas com defici\u00eancia no mercado de trabalho, partilhando experi\u00eancias e estrat\u00e9gias para promover uma integra\u00e7\u00e3o eficaz.<\/p>\n\n\n\n<p>O encontro contou com a presen\u00e7a de t\u00e9cnicos do Diretor de N\u00facleo de Gest\u00e3o do Cliente do Centro Distrital de Viana do Castelo, da Diretora de N\u00facleo do Cliente dos Servi\u00e7os Centrais, e de t\u00e9cnicos dos munic\u00edpios dos distritos de Braga e Viana do Castelo, incluindo Daniela Fernandes em representa\u00e7\u00e3o do Balc\u00e3o da Inclus\u00e3o de Guimar\u00e3es.<\/p>\n\n\n\n<p>Segundo o INR, os participantes apresentaram os projetos desenvolvidos no \u00e2mbito dos Balc\u00f5es da Inclus\u00e3o, demonstrando boas pr\u00e1ticas implementadas que promovem a qualidade de vida das fam\u00edlias e a integra\u00e7\u00e3o social das pessoas com defici\u00eancia.<\/p>\n\n\n\n<p>O objetivo principal para a realiza\u00e7\u00e3o destes encontros foi cumprido: foram fortalecudos os la\u00e7os entre os t\u00e9cnicos, a partilha das boas pr\u00e1ticas e o esp\u00edrito de uni\u00e3o da rede incentivando-se a continuidade do trabalho colaborativo. Fonte: INR, I.P.<\/p>\n\n\n\n<p><\/p>\n","protected":false},"excerpt":{"rendered":"<p>O 6.\u00ba Encontro Distrital dos Balc\u00f5es da Inclus\u00e3o (BI) dos distritos de Braga e Viana do Castelo, organizado pelo Instituto Nacional para a Reabilita\u00e7\u00e3o (INR) em parceria com o munic\u00edpio de Vouzela, ocorreu no dia 12 de julho em Vizela e o munic\u00edpio vimaranense fez-se representar pela t\u00e9cnica respons\u00e1vel por este servi\u00e7o, Daniela Fernandes.<\/p>\n","protected":false},"author":2,"featured_media":3100,"comment_status":"open","ping_status":"open","sticky":false,"template":"","format":"standard","meta":{"_monsterinsights_skip_tracking":false,"_monsterinsights_sitenote_active":false,"_monsterinsights_sitenote_note":"","_monsterinsights_sitenote_category":0,"footnotes":""},"categories":[1],"tags":[],"class_list":["post-3099","post","type-post","status-publish","format-standard","has-post-thumbnail","hentry","category-uncategorized"],"_links":{"self":[{"href":"http:\/\/forumdeficiencia.guimaraes.pt\/index.php?rest_route=\/wp\/v2\/posts\/3099","targetHints":{"allow":["GET"]}}],"collection":[{"href":"http:\/\/forumdeficiencia.guimaraes.pt\/index.php?rest_route=\/wp\/v2\/posts"}],"about":[{"href":"http:\/\/forumdeficiencia.guimaraes.pt\/index.php?rest_route=\/wp\/v2\/types\/post"}],"author":[{"embeddable":true,"href":"http:\/\/forumdeficiencia.guimaraes.pt\/index.php?rest_route=\/wp\/v2\/users\/2"}],"replies":[{"embeddable":true,"href":"http:\/\/forumdeficiencia.guimaraes.pt\/index.php?rest_route=%2Fwp%2Fv2%2Fcomments&post=3099"}],"version-history":[{"count":1,"href":"http:\/\/forumdeficiencia.guimaraes.pt\/index.php?rest_route=\/wp\/v2\/posts\/3099\/revisions"}],"predecessor-version":[{"id":3101,"href":"http:\/\/forumdeficiencia.guimaraes.pt\/index.php?rest_route=\/wp\/v2\/posts\/3099\/revisions\/3101"}],"wp:featuredmedia":[{"embeddable":true,"href":"http:\/\/forumdeficiencia.guimaraes.pt\/index.php?rest_route=\/wp\/v2\/media\/3100"}],"wp:attachment":[{"href":"http:\/\/forumdeficiencia.guimaraes.pt\/index.php?rest_route=%2Fwp%2Fv2%2Fmedia&parent=3099"}],"wp:term":[{"taxonomy":"category","embeddable":true,"href":"http:\/\/forumdeficiencia.guimaraes.pt\/index.php?rest_route=%2Fwp%2Fv2%2Fcategories&post=3099"},{"taxonomy":"post_tag","embeddable":true,"href":"http:\/\/forumdeficiencia.guimaraes.pt\/index.php?rest_route=%2Fwp%2Fv2%2Ftags&post=3099"}],"curies":[{"name":"wp","href":"https:\/\/api.w.org\/{rel}","templated":true}]}}