{"id":3387,"date":"2025-11-14T06:07:00","date_gmt":"2025-11-14T06:07:00","guid":{"rendered":"https:\/\/forumdeficiencia.guimaraes.pt\/?p=3387"},"modified":"2025-11-13T06:10:37","modified_gmt":"2025-11-13T06:10:37","slug":"cercigui-participa-na-ix-academia-formem-2025-dedicada-a-inclusao-e-partilha-de-conhecimento","status":"publish","type":"post","link":"http:\/\/forumdeficiencia.guimaraes.pt\/?p=3387","title":{"rendered":"CERCIGUI participa na IX Academia FORMEM 2025 dedicada \u00e0 inclus\u00e3o e partilha de conhecimento"},"content":{"rendered":"\n<p>A CERCIGUI marcou presen\u00e7a na IX Academia FORMEM 2025, que decorreu de 27 a 30 de outubro, no Lufapo Hub, em Coimbra. Este evento anual, promovido pela FORMEM, constitui um espa\u00e7o de partilha de conhecimento e reflex\u00e3o sobre a \u00e1rea da defici\u00eancia e a promo\u00e7\u00e3o da inclus\u00e3o social.<\/p>\n\n\n\n<!--more-->\n\n\n\n<p><br>Nesta edi\u00e7\u00e3o, este evento destaca-se pela realiza\u00e7\u00e3o do Semin\u00e1rio da Inclus\u00e3o Social de Pessoas com Defici\u00eancia, nos dias 27 e 28 de outubro, uma iniciativa co-financiada pelo Instituto Nacional para a Reabilita\u00e7\u00e3o (INR, I.P.), que re\u00fane profissionais, organiza\u00e7\u00f5es e entidades p\u00fablicas e privadas com interven\u00e7\u00e3o no setor.<\/p>\n\n\n\n<p>\u201cParticip\u00e1mos no painel \u201cCaminhos de Inclus\u00e3o\u201d, onde partilh\u00e1mos a experi\u00eancia do projeto BYblios, desenvolvido em parceria com a<a href=\"https:\/\/www.facebook.com\/Desincoop?__cft__[0]=AZUJ0GjZlpLD1WwwizVWg1N9sodN9R4Y0iK_ZzajBcyt2n3DZT_sVWHJNMj7beXvuOuvqQMCdTfQYlsMDi6vqYiQLF4jRw-fqHBZcrp_sQlRkAhs8w07VaRDiTVC5BsbeT3aNh68ds_WeefU0nR1GQoldtDWHvSVQElr_1ySSrDnDwuFRhXWboY9yZk-GRItWb4&amp;__tn__=-]K-R\"> Desincoop CRL<\/a>\u201d, refere a organiza\u00e7\u00e3o nas redes sociais. \u201cTivemos tamb\u00e9m o orgulho de contar com a presen\u00e7a de um trabalhador com incapacidade da CERCIGUI, que deu o seu testemunho no painel dedicado \u00e0s pessoas com incapacidade\u201d, revelou a Cercigui.\u00a0<\/p>\n\n\n\n<p><br>A participa\u00e7\u00e3o da CERCIGUI serviu para refor\u00e7ar o compromisso com a melhoria cont\u00ednua das pr\u00e1ticas inclusivas, a promo\u00e7\u00e3o dos direitos das pessoas com defici\u00eancia e\/ou incapacidade, e o interc\u00e2mbio de experi\u00eancias e projetos inovadores. A presen\u00e7a nesta edi\u00e7\u00e3o representou tamb\u00e9m uma oportunidade para fortalecer a colabora\u00e7\u00e3o e dar visibilidade ao trabalho desenvolvido em prol da inclus\u00e3o na regi\u00e3o de Guimar\u00e3es.<\/p>\n","protected":false},"excerpt":{"rendered":"<p>A CERCIGUI marcou presen\u00e7a na IX Academia FORMEM 2025, que decorreu de 27 a 30 de outubro, no Lufapo Hub, em Coimbra. Este evento anual, promovido pela FORMEM, constitui um espa\u00e7o de partilha de conhecimento e reflex\u00e3o sobre a \u00e1rea da defici\u00eancia e a promo\u00e7\u00e3o da inclus\u00e3o social.<\/p>\n","protected":false},"author":2,"featured_media":3388,"comment_status":"open","ping_status":"open","sticky":false,"template":"","format":"standard","meta":{"_monsterinsights_skip_tracking":false,"_monsterinsights_sitenote_active":false,"_monsterinsights_sitenote_note":"","_monsterinsights_sitenote_category":0,"footnotes":""},"categories":[1],"tags":[],"class_list":["post-3387","post","type-post","status-publish","format-standard","has-post-thumbnail","hentry","category-uncategorized"],"_links":{"self":[{"href":"http:\/\/forumdeficiencia.guimaraes.pt\/index.php?rest_route=\/wp\/v2\/posts\/3387","targetHints":{"allow":["GET"]}}],"collection":[{"href":"http:\/\/forumdeficiencia.guimaraes.pt\/index.php?rest_route=\/wp\/v2\/posts"}],"about":[{"href":"http:\/\/forumdeficiencia.guimaraes.pt\/index.php?rest_route=\/wp\/v2\/types\/post"}],"author":[{"embeddable":true,"href":"http:\/\/forumdeficiencia.guimaraes.pt\/index.php?rest_route=\/wp\/v2\/users\/2"}],"replies":[{"embeddable":true,"href":"http:\/\/forumdeficiencia.guimaraes.pt\/index.php?rest_route=%2Fwp%2Fv2%2Fcomments&post=3387"}],"version-history":[{"count":1,"href":"http:\/\/forumdeficiencia.guimaraes.pt\/index.php?rest_route=\/wp\/v2\/posts\/3387\/revisions"}],"predecessor-version":[{"id":3389,"href":"http:\/\/forumdeficiencia.guimaraes.pt\/index.php?rest_route=\/wp\/v2\/posts\/3387\/revisions\/3389"}],"wp:featuredmedia":[{"embeddable":true,"href":"http:\/\/forumdeficiencia.guimaraes.pt\/index.php?rest_route=\/wp\/v2\/media\/3388"}],"wp:attachment":[{"href":"http:\/\/forumdeficiencia.guimaraes.pt\/index.php?rest_route=%2Fwp%2Fv2%2Fmedia&parent=3387"}],"wp:term":[{"taxonomy":"category","embeddable":true,"href":"http:\/\/forumdeficiencia.guimaraes.pt\/index.php?rest_route=%2Fwp%2Fv2%2Fcategories&post=3387"},{"taxonomy":"post_tag","embeddable":true,"href":"http:\/\/forumdeficiencia.guimaraes.pt\/index.php?rest_route=%2Fwp%2Fv2%2Ftags&post=3387"}],"curies":[{"name":"wp","href":"https:\/\/api.w.org\/{rel}","templated":true}]}}