{"id":1005,"date":"2019-12-16T18:10:29","date_gmt":"2019-12-16T18:10:29","guid":{"rendered":"http:\/\/forumdeficiencia.guimaraes.pt\/?p=1005"},"modified":"2019-12-16T18:10:29","modified_gmt":"2019-12-16T18:10:29","slug":"projeto-consigo-obra-de-pedro-guimaraes-em-exposicao-em-braga","status":"publish","type":"post","link":"https:\/\/forumdeficiencia.guimaraes.pt\/?p=1005","title":{"rendered":"Projeto Consigo: Obra de Pedro Guimar\u00e3es em exposi\u00e7\u00e3o em Braga"},"content":{"rendered":"<p>Chama-se \u201cArt will try to fix you\u201d, \u00e9 da autoria do\u00a0<a href=\"https:\/\/www.facebook.com\/pedroguimaraespintor\/\">artista pl\u00e1stico Pedro Guimar\u00e3es<\/a> e esteve no largo do Toural, em Guimar\u00e3es para \u201cdespertar emo\u00e7\u00f5es\u201d de todos os que por l\u00e1 passam. Agora esta pe\u00e7a art\u00edstica viajou para Braga e encontra-se exposta na pra\u00e7a de Agrolongo para quem a quiser observar.<\/p>\n<p><!--more--><\/p>\n<p>Depois de v\u00e1rios meses instalada no centro de Guimar\u00e3es \u00e9 agora a vez dos bracarenses desfrutarem do \u201ccolorido\u201d desta pe\u00e7a de arte que nasceu gra\u00e7as ao desafio lan\u00e7ado pelo Projeto \u201cConsigo\u201d, um servi\u00e7o que faz um atendimento e acompanhamento de proximidade a pessoas em situa\u00e7\u00e3o de vulnerabilidade social e\/ou depend\u00eancia permanente ou tempor\u00e1ria residentes na \u00e1rea terroitorial da Comiss\u00e3o Social Interfreguesias Sudoeste Montanha da Penha.<\/p>\n<p>O artista aceitou envolver-se com o projeto Consigo porque sabe que est\u00e1 no terreno e percebe as necessidades das pessoas.<\/p>\n<p>Foi a delega\u00e7\u00e3o da Associa\u00e7\u00e3o Portuguesa de Deficientes que se mobilizou para conseguir levar a pe\u00e7a \u201cArt Will Try to Fix You\u201d para a capital do distrito e convidou o artista pl\u00e1stico para a inaugura\u00e7\u00e3o da respetiva instala\u00e7\u00e3o com o intuito de assinalar o Dia Internacional das Pessoas com Defici\u00eancia no \u00e2mbito da Semana da Inclus\u00e3o.<\/p>\n<p>Mais sobre este projeto pode ser lido <a href=\"http:\/\/Chama-se \u201cArt will try to fix you\u201d, \u00e9 da autoria do artista pl\u00e1stico Pedro Guimar\u00e3es e esteve no largo do Toural, em Guimar\u00e3es para \u201cdespertar emo\u00e7\u00f5es\u201d de todos os que por l\u00e1 passam. Agora esta pe\u00e7a art\u00edstica viajou para Braga e encontra-se exposta na pra\u00e7a de Agrolongo para quem a quiser observar.  Depois de v\u00e1rios meses instalada no centro de Guimar\u00e3es \u00e9 agora a vez dos bracarenses desfrutarem do \u201ccolorido\u201d desta pe\u00e7a de arte que nasceu gra\u00e7as ao desafio lan\u00e7ado pelo Projeto \u201cConsigo\u201d, um servi\u00e7o que faz um atendimento e acompanhamento de proximidade a pessoas em situa\u00e7\u00e3o de vulnerabilidade social e\/ou depend\u00eancia permanente ou tempor\u00e1ria residentes na \u00e1rea terroitorial da Comiss\u00e3o Social Interfreguesias Sudoeste Montanha da Penha.  O artista aceitou envolver-se com o projeto Consigo porque sabe que est\u00e1 no terreno e percebe as necessidades das pessoas.  Foi a delega\u00e7\u00e3o da Associa\u00e7\u00e3o Portuguesa de Deficientes que se mobilizou para conseguir levar a pe\u00e7a \u201cArt Will Try to Fix You\u201d para a capital do distrito e convidou o artista pl\u00e1stico para a inaugura\u00e7\u00e3o da respetiva instala\u00e7\u00e3o com o intuito de assinalar o Dia Internacional das Pessoas com Defici\u00eancia no \u00e2mbito da Semana da Inclus\u00e3o.  Mais sobre este projeto pode ser lido AQUI  http:\/\/forumdeficiencia.guimaraes.pt\/?p=586#more-586\">AQUI<\/a><\/p>\n<p>&nbsp;<\/p>\n","protected":false},"excerpt":{"rendered":"<p>Chama-se \u201cArt will try to fix you\u201d, \u00e9 da autoria do\u00a0artista pl\u00e1stico Pedro Guimar\u00e3es e esteve no largo do Toural, em Guimar\u00e3es para \u201cdespertar emo\u00e7\u00f5es\u201d de todos os que por l\u00e1 passam. Agora esta pe\u00e7a art\u00edstica viajou para Braga e encontra-se exposta na pra\u00e7a de Agrolongo para quem a quiser observar.<\/p>\n","protected":false},"author":2,"featured_media":1007,"comment_status":"open","ping_status":"open","sticky":false,"template":"","format":"standard","meta":{"_monsterinsights_skip_tracking":false,"_monsterinsights_sitenote_active":false,"_monsterinsights_sitenote_note":"","_monsterinsights_sitenote_category":0,"footnotes":""},"categories":[3],"tags":[],"class_list":["post-1005","post","type-post","status-publish","format-standard","has-post-thumbnail","hentry","category-noticias"],"_links":{"self":[{"href":"https:\/\/forumdeficiencia.guimaraes.pt\/index.php?rest_route=\/wp\/v2\/posts\/1005","targetHints":{"allow":["GET"]}}],"collection":[{"href":"https:\/\/forumdeficiencia.guimaraes.pt\/index.php?rest_route=\/wp\/v2\/posts"}],"about":[{"href":"https:\/\/forumdeficiencia.guimaraes.pt\/index.php?rest_route=\/wp\/v2\/types\/post"}],"author":[{"embeddable":true,"href":"https:\/\/forumdeficiencia.guimaraes.pt\/index.php?rest_route=\/wp\/v2\/users\/2"}],"replies":[{"embeddable":true,"href":"https:\/\/forumdeficiencia.guimaraes.pt\/index.php?rest_route=%2Fwp%2Fv2%2Fcomments&post=1005"}],"version-history":[{"count":1,"href":"https:\/\/forumdeficiencia.guimaraes.pt\/index.php?rest_route=\/wp\/v2\/posts\/1005\/revisions"}],"predecessor-version":[{"id":1008,"href":"https:\/\/forumdeficiencia.guimaraes.pt\/index.php?rest_route=\/wp\/v2\/posts\/1005\/revisions\/1008"}],"wp:featuredmedia":[{"embeddable":true,"href":"https:\/\/forumdeficiencia.guimaraes.pt\/index.php?rest_route=\/wp\/v2\/media\/1007"}],"wp:attachment":[{"href":"https:\/\/forumdeficiencia.guimaraes.pt\/index.php?rest_route=%2Fwp%2Fv2%2Fmedia&parent=1005"}],"wp:term":[{"taxonomy":"category","embeddable":true,"href":"https:\/\/forumdeficiencia.guimaraes.pt\/index.php?rest_route=%2Fwp%2Fv2%2Fcategories&post=1005"},{"taxonomy":"post_tag","embeddable":true,"href":"https:\/\/forumdeficiencia.guimaraes.pt\/index.php?rest_route=%2Fwp%2Fv2%2Ftags&post=1005"}],"curies":[{"name":"wp","href":"https:\/\/api.w.org\/{rel}","templated":true}]}}