{"id":1017,"date":"2019-12-16T18:26:23","date_gmt":"2019-12-16T18:26:23","guid":{"rendered":"http:\/\/forumdeficiencia.guimaraes.pt\/?p=1017"},"modified":"2019-12-16T18:31:13","modified_gmt":"2019-12-16T18:31:13","slug":"a-festa-acabou-mas-fica-a-exposicao-a-inclusao-na-diversidade-ate-final-do-mes","status":"publish","type":"post","link":"https:\/\/forumdeficiencia.guimaraes.pt\/?p=1017","title":{"rendered":"A festa acabou, mas fica a exposi\u00e7\u00e3o \u201cA inclus\u00e3o na diversidade\u201d at\u00e9 final do m\u00eas"},"content":{"rendered":"<p>Quem for agora visitar o Centro Portugu\u00eas de Fotografia vai encontrar, at\u00e9 ao final de dezembro, as fotografias vencedoras da 6.\u00aa edi\u00e7\u00e3o do concurso internacional de fotografia \u201cA inclus\u00e3o na diversidade\u201d. J\u00e1 n\u00e3o h\u00e1 vest\u00edgios do evento de ter\u00e7a-feira, dia 03 de dezembro, que juntou v\u00e1rios amigos da Plural&amp;Singular e apaixonados desta arte. S\u00f3 a mem\u00f3ria dos presentes e algumas imagens guardam os momentos partilhados para mais tarde recordar.<\/p>\n<p><!--more--><\/p>\n<p>Ao som da &#8220;<em>Hallelujah<\/em>&#8220;, uma m\u00fasica de Leonard Cohen, a atua\u00e7\u00e3o do grupo de dan\u00e7a \u201cSorrisos\u201d embalou todos os presentes para o que se preparava para ser um evento simples e despido de formalidades.<\/p>\n<p>O momento art\u00edstico habitual quis este ano dar protagonismo a este projeto da CerciEspinho que, recorrendo a coreografias contempor\u00e2neas, tem vindo a realizar atua\u00e7\u00f5es marcantes, n\u00e3o s\u00f3 pela qualidade art\u00edstica, mas tamb\u00e9m pela simpatia de todos os que integram este grupo de dan\u00e7a.<\/p>\n<p><img loading=\"lazy\" decoding=\"async\" class=\" wp-image-1018 alignleft\" src=\"http:\/\/forumdeficiencia.guimaraes.pt\/wp-content\/uploads\/2019\/12\/1-300x251.png\" alt=\"\" width=\"463\" height=\"387\" srcset=\"https:\/\/forumdeficiencia.guimaraes.pt\/wp-content\/uploads\/2019\/12\/1-300x251.png 300w, https:\/\/forumdeficiencia.guimaraes.pt\/wp-content\/uploads\/2019\/12\/1-768x644.png 768w, https:\/\/forumdeficiencia.guimaraes.pt\/wp-content\/uploads\/2019\/12\/1.png 940w\" sizes=\"auto, (max-width: 463px) 100vw, 463px\" \/><\/p>\n<p>\u00c9 sempre uma cerim\u00f3nia informal esta que se realiza para comemorar o anivers\u00e1rio da Plural&amp;Singular e dar a conhecer os vencedores do concurso internacional de fotografia \u201cA inclus\u00e3o na diversidade\u201d promovido por esta revista digital.<\/p>\n<p>O Dia Internacional das Pessoas com Defici\u00eancia foi assinalado em jeito de reconhecimento pelo que j\u00e1 foi feito e pelo muito que ainda falta fazer em prol do cumprimento dos direitos e participa\u00e7\u00e3o plena das pessoas com diversidade funcional.<\/p>\n<p>Mas \u00e9 preciso assumir que o dia foi de festa. \u201cN\u00e3o h\u00e1 como n\u00e3o estar feliz por ver que um projeto como o da Plural&amp;Singular tem consigo resistir e neste momento somar sete anos de exist\u00eancia\u201d, refere uma das colaboradoras do projeto. \u201cN\u00e3o foi, e continua a n\u00e3o ser, um caminho f\u00e1cil, \u00e9 um projeto que realmente ainda est\u00e1 a viver a inf\u00e2ncia. \u00c9 uma crian\u00e7a e tem tanto que crescer e tanto ainda que aprender\u201d, completa.<\/p>\n<p>Mas antes de cantar os Parab\u00e9ns a esta revista digital dedicada \u00e0 tem\u00e1tica da defici\u00eancia e da inclus\u00e3o foram atribu\u00eddos os pr\u00e9mios aos vencedores desta 6.\u00aa edi\u00e7\u00e3o do concurso. Todos os premiados presentes tiveram oportunidade de contextualizar os respetivos trabalhos e enquadrar as fotografias galardoadas nos projetos, dias, locais e inten\u00e7\u00f5es com que foram captadas.<\/p>\n<p><img loading=\"lazy\" decoding=\"async\" class=\"size-medium wp-image-1019 alignright\" src=\"http:\/\/forumdeficiencia.guimaraes.pt\/wp-content\/uploads\/2019\/12\/2-300x251.png\" alt=\"\" width=\"300\" height=\"251\" srcset=\"https:\/\/forumdeficiencia.guimaraes.pt\/wp-content\/uploads\/2019\/12\/2-300x251.png 300w, https:\/\/forumdeficiencia.guimaraes.pt\/wp-content\/uploads\/2019\/12\/2-768x644.png 768w, https:\/\/forumdeficiencia.guimaraes.pt\/wp-content\/uploads\/2019\/12\/2.png 940w\" sizes=\"auto, (max-width: 300px) 100vw, 300px\" \/><\/p>\n<p>\u201cO mais importante \u00e9 a perce\u00e7\u00e3o da fotografia para quem a contempla, mas poder somar esta perspetiva do fot\u00f3grafo \u00e9 torn\u00e1-la mais rica em significado\u201d, explica a organiza\u00e7\u00e3o.<\/p>\n<p>Foi um momento bastante despretensioso, como todos os anos se tenta que seja. Ficou no ar um desafio incitado pelo vencedor do primeiro pr\u00e9mio: evitar a efemeridade das exposi\u00e7\u00f5es e verter todas estas fotografias para uma publica\u00e7\u00e3o, \u201calgo palp\u00e1vel\u201d. Uma possibilidade h\u00e1 muito considerada pela organiza\u00e7\u00e3o e que talvez ganhe forma quando o concurso completar os 10 anos, altura em que o Centro Portugu\u00eas de Fotografia tamb\u00e9m dever\u00e1 realizar uma exposi\u00e7\u00e3o retrospetiva. S\u00e3o tudo sonhos, falta concretiz\u00e1-los porque 2023, pode parecer que n\u00e3o, mas j\u00e1 est\u00e1 a\u00ed \u00e0 porta.<\/p>\n","protected":false},"excerpt":{"rendered":"<p>Quem for agora visitar o Centro Portugu\u00eas de Fotografia vai encontrar, at\u00e9 ao final de dezembro, as fotografias vencedoras da 6.\u00aa edi\u00e7\u00e3o do concurso internacional de fotografia \u201cA inclus\u00e3o na diversidade\u201d. J\u00e1 n\u00e3o h\u00e1 vest\u00edgios do evento de ter\u00e7a-feira, dia 03 de dezembro, que juntou v\u00e1rios amigos da Plural&amp;Singular e apaixonados desta arte. S\u00f3 a [&hellip;]<\/p>\n","protected":false},"author":2,"featured_media":1021,"comment_status":"open","ping_status":"open","sticky":false,"template":"","format":"standard","meta":{"_monsterinsights_skip_tracking":false,"_monsterinsights_sitenote_active":false,"_monsterinsights_sitenote_note":"","_monsterinsights_sitenote_category":0,"footnotes":""},"categories":[3],"tags":[],"class_list":["post-1017","post","type-post","status-publish","format-standard","has-post-thumbnail","hentry","category-noticias"],"_links":{"self":[{"href":"https:\/\/forumdeficiencia.guimaraes.pt\/index.php?rest_route=\/wp\/v2\/posts\/1017","targetHints":{"allow":["GET"]}}],"collection":[{"href":"https:\/\/forumdeficiencia.guimaraes.pt\/index.php?rest_route=\/wp\/v2\/posts"}],"about":[{"href":"https:\/\/forumdeficiencia.guimaraes.pt\/index.php?rest_route=\/wp\/v2\/types\/post"}],"author":[{"embeddable":true,"href":"https:\/\/forumdeficiencia.guimaraes.pt\/index.php?rest_route=\/wp\/v2\/users\/2"}],"replies":[{"embeddable":true,"href":"https:\/\/forumdeficiencia.guimaraes.pt\/index.php?rest_route=%2Fwp%2Fv2%2Fcomments&post=1017"}],"version-history":[{"count":5,"href":"https:\/\/forumdeficiencia.guimaraes.pt\/index.php?rest_route=\/wp\/v2\/posts\/1017\/revisions"}],"predecessor-version":[{"id":1026,"href":"https:\/\/forumdeficiencia.guimaraes.pt\/index.php?rest_route=\/wp\/v2\/posts\/1017\/revisions\/1026"}],"wp:featuredmedia":[{"embeddable":true,"href":"https:\/\/forumdeficiencia.guimaraes.pt\/index.php?rest_route=\/wp\/v2\/media\/1021"}],"wp:attachment":[{"href":"https:\/\/forumdeficiencia.guimaraes.pt\/index.php?rest_route=%2Fwp%2Fv2%2Fmedia&parent=1017"}],"wp:term":[{"taxonomy":"category","embeddable":true,"href":"https:\/\/forumdeficiencia.guimaraes.pt\/index.php?rest_route=%2Fwp%2Fv2%2Fcategories&post=1017"},{"taxonomy":"post_tag","embeddable":true,"href":"https:\/\/forumdeficiencia.guimaraes.pt\/index.php?rest_route=%2Fwp%2Fv2%2Ftags&post=1017"}],"curies":[{"name":"wp","href":"https:\/\/api.w.org\/{rel}","templated":true}]}}