{"id":1031,"date":"2019-12-16T18:38:54","date_gmt":"2019-12-16T18:38:54","guid":{"rendered":"http:\/\/forumdeficiencia.guimaraes.pt\/?p=1031"},"modified":"2019-12-16T18:48:11","modified_gmt":"2019-12-16T18:48:11","slug":"por-cada-brinquedo-adaptado-mil-sorrisos","status":"publish","type":"post","link":"https:\/\/forumdeficiencia.guimaraes.pt\/?p=1031","title":{"rendered":"Por cada brinquedo adaptado mil sorrisos"},"content":{"rendered":"<p>O N\u00facleo de Rob\u00f3tica do Departamento de Eletr\u00f3nica Industrial da Universidade do Minho de 09 a 13 de dezembro mergulhou numa semana intensa de adapta\u00e7\u00e3o de brinquedos eletr\u00f3nicos para que crian\u00e7as com necessidades espec\u00edficas e problemas de mobilidade consigam brincar com eles. O F\u00f3rum Municipal das Pessoas com Defici\u00eancia de Guimar\u00e3es foi visitar esta oficina aberta ao p\u00fablico e testemunhou o impacto que esta iniciativa tem em todos os envolvidos.<\/p>\n<p><!--more--><\/p>\n<p>\u201cH\u00e1 motores?\u201d, pergunta o aluno de Eletr\u00f3nica Industrial da Universidade do Minho, Ant\u00f3nio Ribeiro. \u201cEst\u00e3o a\u00ed num saquinho\u201d, responde o professor e diretor desse departamento, Fernando Ribeiro.<\/p>\n<p>\u201cPorque \u00e9 que o problema est\u00e1 no motor?\u201d, pergunta In\u00eas Ribeiro, uma aluna finalista. \u201cPorque eu j\u00e1 liguei a fonte no motor e n\u00e3o funciona. O Marshall n\u00e3o tem motor\u201d, explica o aluno do 2.\u00ba ano em jeito de brincadeira.<\/p>\n<p>\u00c9 este o ambiente descontra\u00eddo que se vai encontrar nestas oficinas de adapta\u00e7\u00e3o de brinquedos eletr\u00f3nicos para crian\u00e7as com paralisia cerebral, realizadas pelo N\u00facleo de Rob\u00f3tica do Departamento de Eletr\u00f3nica Industrial da UMinho e que decorrem todos os anos, desde 2006.<\/p>\n<p><img loading=\"lazy\" decoding=\"async\" class=\"size-medium wp-image-1035 alignleft\" src=\"http:\/\/forumdeficiencia.guimaraes.pt\/wp-content\/uploads\/2019\/12\/7-300x240.png\" alt=\"\" width=\"300\" height=\"240\" srcset=\"https:\/\/forumdeficiencia.guimaraes.pt\/wp-content\/uploads\/2019\/12\/7-300x240.png 300w, https:\/\/forumdeficiencia.guimaraes.pt\/wp-content\/uploads\/2019\/12\/7-768x614.png 768w, https:\/\/forumdeficiencia.guimaraes.pt\/wp-content\/uploads\/2019\/12\/7-1024x819.png 1024w, https:\/\/forumdeficiencia.guimaraes.pt\/wp-content\/uploads\/2019\/12\/7.png 2000w\" sizes=\"auto, (max-width: 300px) 100vw, 300px\" \/><\/p>\n<p>\u201cAlguns dos brinquedos est\u00e3o estragados e as pessoas at\u00e9 os d\u00e3o porque eles n\u00e3o funcionam\u201d, explica o professor Fernando Ribeiro. E \u00e9 nestes casos que al\u00e9m da adapta\u00e7\u00e3o tamb\u00e9m tem lugar uma repara\u00e7\u00e3o. \u201cExatamente. O motor por alguma raz\u00e3o est\u00e1 estragado, vamos substituir e fazer a adapta\u00e7\u00e3o\u201d, completa o aluno Ant\u00f3nio Ribeiro.<\/p>\n<p>Outras vezes, se faltarem pe\u00e7as, o Laborat\u00f3rio de Rob\u00f3tica recorre-se das duas impressoras 3D que possui para desenhar a pe\u00e7a e aplic\u00e1-la no boneco. \u201c\u00c9 conforme as necessidades. H\u00e1 bonecos que andavam, mas depois como as crian\u00e7as n\u00e3o podem ir atr\u00e1s dos brinquedos por causa da pouca mobilidade, n\u00f3s alter\u00e1mos o motor e o boneco fica parado e s\u00f3 mexe os bra\u00e7os\u201d, exemplifica Fernando Ribeiro.<\/p>\n<p>Foi na semana passada, de 09 a 13 de dezembro, que o laborat\u00f3rio de Rob\u00f3tica do Campus de Azur\u00e9m esteve \u201ccolorido\u201d com brinquedos para avan\u00e7ar com este processo de adapta\u00e7\u00e3o. \u201c\u00c9 uma adapta\u00e7\u00e3o simples, mas depende muito dos brinquedos. Alguns s\u00e3o mais complexos e t\u00eam um circuito maior e h\u00e1 outros mais simples que s\u00f3 tem um movimento, umas luzes\u201d, explica In\u00eas Ribeiro.<\/p>\n<p>\u00c9 uma esp\u00e9cie de semana aberta em que o p\u00fablico em geral pode testemunhar a execu\u00e7\u00e3o deste trabalho, mas em jeito de aproxima\u00e7\u00e3o \u00e0 comunidade, no dia 11, os respons\u00e1veis pelo projeto optaram por realizar as adapta\u00e7\u00f5es na Sociedade Martins Sarmento.<\/p>\n<p><img loading=\"lazy\" decoding=\"async\" class=\"size-medium wp-image-1037 alignright\" src=\"http:\/\/forumdeficiencia.guimaraes.pt\/wp-content\/uploads\/2019\/12\/9-300x240.png\" alt=\"\" width=\"300\" height=\"240\" srcset=\"https:\/\/forumdeficiencia.guimaraes.pt\/wp-content\/uploads\/2019\/12\/9-300x240.png 300w, https:\/\/forumdeficiencia.guimaraes.pt\/wp-content\/uploads\/2019\/12\/9-768x614.png 768w, https:\/\/forumdeficiencia.guimaraes.pt\/wp-content\/uploads\/2019\/12\/9-1024x819.png 1024w, https:\/\/forumdeficiencia.guimaraes.pt\/wp-content\/uploads\/2019\/12\/9.png 2000w\" sizes=\"auto, (max-width: 300px) 100vw, 300px\" \/><\/p>\n<p>O F\u00f3rum Municipal das Pessoas com Defici\u00eancia de Guimar\u00e3es fez uma visita a esta institui\u00e7\u00e3o cultural vimaranense na rua Paio Galv\u00e3o e cruzou-se com uma turma da escola de Santa Luzia com alunos ansiosos por compreender o que \u00e9 preciso fazer para que crian\u00e7as com necessidades espec\u00edficas e problemas de mobilidade brinquem de forma aut\u00f3noma com brinquedos eletr\u00f3nicos. \u201cO problema destes brinquedos \u00e9 que as crian\u00e7as com paralisia cerebral n\u00e3o conseguem acion\u00e1-los, tem que ser um adulto a carregar no bot\u00e3o, por exemplo. Ent\u00e3o o que n\u00f3s fazemos \u00e9 abrir o boneco e colocar-lhe este interruptor externo para eles usarem no pesco\u00e7o\u201d, exemplifica o professor Fernando Ribeiro.<\/p>\n<p>Al\u00e9m de explicar este processo \u00e0s crian\u00e7as e faz\u00ea-las perceberem que os brinquedos nem sempre s\u00e3o inclusivos, este projeto consegue tamb\u00e9m envolv\u00ea-las no processo de doa\u00e7\u00e3o, visto que tamb\u00e9m tinham brinquedos para entregar. \u201c99% dos brinquedos s\u00e3o usados, mas h\u00e1 pessoas que compram brinquedos para doar\u201d, avalia Fernando Ribeiro. \u201cNum total fazemos normalmente entre 70 e 80 adapta\u00e7\u00f5es, mas depende muito de quantos brinquedos temos para adaptar tamb\u00e9m\u201d, acrescenta In\u00eas Ribeiro. Fernando Ribeiro, para completar o balan\u00e7o, atesta que este ano a quantidade de brinquedos \u00e9 superior \u00e0 de edi\u00e7\u00f5es anteriores da recolha. \u201cRecebemos alguns brinquedos de madeira ou peluches, mas nestes casos s\u00f3 faz sentido adaptar brinquedos que tenham eletr\u00f3nica, som, luz, movimento, algo que lhes desperte a aten\u00e7\u00e3o\u201d, explica.<\/p>\n<p>As ferramentas s\u00e3o do laborat\u00f3rio de Rob\u00f3tica, os componentes s\u00e3o oferecidos por \u201cuma empresa local de ex-alunos de Rob\u00f3tica da Universidade do Minho que tamb\u00e9m j\u00e1 andaram nestas adapta\u00e7\u00f5es\u201d, a recolha \u00e9 realizada pelos Servi\u00e7os de A\u00e7\u00e3o Social da UMinho (SASUM), em coopera\u00e7\u00e3o com a Associa\u00e7\u00e3o Acad\u00e9mica da UMinho (AAUM) e a Associa\u00e7\u00e3o de Antigos Estudantes da UMinho (AAEUM)\u00a0e a entrega \u00e0s crian\u00e7as \u00e9 mediada pelo SalusLive \u2013 Centro Terap\u00eautico. \u201c\u00c9 tamb\u00e9m uma micro-empresa que surgiu na Universidade do Minho e que s\u00f3 lida com crian\u00e7as com paralisia cerebral e \u00e9 essa empresa que contacta institui\u00e7\u00f5es para distribuir os brinquedos\u201d, elucida o diretor do departamento de Eletr\u00f3nica Industrial.<\/p>\n<p><img loading=\"lazy\" decoding=\"async\" class=\"size-medium wp-image-1036 alignleft\" src=\"http:\/\/forumdeficiencia.guimaraes.pt\/wp-content\/uploads\/2019\/12\/8-300x240.png\" alt=\"\" width=\"300\" height=\"240\" srcset=\"https:\/\/forumdeficiencia.guimaraes.pt\/wp-content\/uploads\/2019\/12\/8-300x240.png 300w, https:\/\/forumdeficiencia.guimaraes.pt\/wp-content\/uploads\/2019\/12\/8-768x614.png 768w, https:\/\/forumdeficiencia.guimaraes.pt\/wp-content\/uploads\/2019\/12\/8-1024x819.png 1024w, https:\/\/forumdeficiencia.guimaraes.pt\/wp-content\/uploads\/2019\/12\/8.png 2000w\" sizes=\"auto, (max-width: 300px) 100vw, 300px\" \/><\/p>\n<p>Hugo Freitas \u00e9 pr\u00f3ximo de uma pessoa que faz uso deste tipo de divertimento. \u201cTem 17 anos e ainda usa brinquedos porque tem uma doen\u00e7a rara e tem comportamentos de crian\u00e7a e mesmo com brinquedos simples se consegue divertir bastante e eu vejo que o problema que \u00e0s vezes \u00e9 arranjar um brinquedo para as necessidades dela. Por muito que se consiga arranjar acaba por ser mais caro.\u201d<\/p>\n<p>Renata Martins, outra aluna do 2.\u00ba ano, assume que embora esteja mais atenta \u00e0 ind\u00fastria de brinquedos \u201ccontinua a n\u00e3o aparecer nada\u201d. \u201cN\u00f3s procur\u00e1mos, se aparecer fic\u00e1mos contente, mas n\u00e3o acho que apare\u00e7a\u201d.<\/p>\n<p>Segundo o professor Fernando Ribeiro qualquer brinquedo adquirido j\u00e1 adaptado tem um custo associado que ronda os 150, 200 euros. \u201c\u00c9 muito caro. Compreende-se porque \u00e9 um brinquedo que sai fora da linha de montagem, s\u00e3o produzidos poucos e a ind\u00fastria n\u00e3o est\u00e1 disposta a isso, se houvesse um maior interesse por parte da ind\u00fastria talvez os pre\u00e7os pudessem cair um bocadinho\u201d, lamenta.<\/p>\n<p>Hoje, dia 16 de dezembro, foi o \u00faltimo dia de recolha de brinquedos novos e usados da campanha \u201cOferece\u2026 e faz uma crian\u00e7a feliz!\u201d, lan\u00e7ada pela Universidade do Minho em 2008, e que pretende levar sorrisos e a magia do Natal \u00e0s crian\u00e7as com defici\u00eancia.<\/p>\n<p><img loading=\"lazy\" decoding=\"async\" class=\"size-medium wp-image-1035 alignright\" src=\"http:\/\/forumdeficiencia.guimaraes.pt\/wp-content\/uploads\/2019\/12\/7-300x240.png\" alt=\"\" width=\"300\" height=\"240\" srcset=\"https:\/\/forumdeficiencia.guimaraes.pt\/wp-content\/uploads\/2019\/12\/7-300x240.png 300w, https:\/\/forumdeficiencia.guimaraes.pt\/wp-content\/uploads\/2019\/12\/7-768x614.png 768w, https:\/\/forumdeficiencia.guimaraes.pt\/wp-content\/uploads\/2019\/12\/7-1024x819.png 1024w, https:\/\/forumdeficiencia.guimaraes.pt\/wp-content\/uploads\/2019\/12\/7.png 2000w\" sizes=\"auto, (max-width: 300px) 100vw, 300px\" \/><\/p>\n<p>Mas os sorrisos e a felicidade \u00e9 partilhada por todos os que integram este projeto e o fazem acontecer, como t\u00e3o bem descreve Hugo Freitas: \u201cPara al\u00e9m da experi\u00eancia que ganho a fazer o que gosto \u00e9 tamb\u00e9m saber que estou a dar um sorriso a estas crian\u00e7as e saber que posso contribuir dessa forma faz-me uma pessoa ainda mais feliz e ainda mais realizada\u201d, remata.<\/p>\n<p>Entretanto o Marshall, uma das personagens dos desenhos animados Patrulha Pata, j\u00e1 est\u00e1 adaptado e o respetivo carro j\u00e1 tem o motor a funcionar. Mais um brinquedo pronto para oferecer e fazer uma crian\u00e7a feliz.<\/p>\n","protected":false},"excerpt":{"rendered":"<p>O N\u00facleo de Rob\u00f3tica do Departamento de Eletr\u00f3nica Industrial da Universidade do Minho de 09 a 13 de dezembro mergulhou numa semana intensa de adapta\u00e7\u00e3o de brinquedos eletr\u00f3nicos para que crian\u00e7as com necessidades espec\u00edficas e problemas de mobilidade consigam brincar com eles. O F\u00f3rum Municipal das Pessoas com Defici\u00eancia de Guimar\u00e3es foi visitar esta oficina [&hellip;]<\/p>\n","protected":false},"author":2,"featured_media":1032,"comment_status":"open","ping_status":"open","sticky":false,"template":"","format":"standard","meta":{"_monsterinsights_skip_tracking":false,"_monsterinsights_sitenote_active":false,"_monsterinsights_sitenote_note":"","_monsterinsights_sitenote_category":0,"footnotes":""},"categories":[3],"tags":[],"class_list":["post-1031","post","type-post","status-publish","format-standard","has-post-thumbnail","hentry","category-noticias"],"_links":{"self":[{"href":"https:\/\/forumdeficiencia.guimaraes.pt\/index.php?rest_route=\/wp\/v2\/posts\/1031","targetHints":{"allow":["GET"]}}],"collection":[{"href":"https:\/\/forumdeficiencia.guimaraes.pt\/index.php?rest_route=\/wp\/v2\/posts"}],"about":[{"href":"https:\/\/forumdeficiencia.guimaraes.pt\/index.php?rest_route=\/wp\/v2\/types\/post"}],"author":[{"embeddable":true,"href":"https:\/\/forumdeficiencia.guimaraes.pt\/index.php?rest_route=\/wp\/v2\/users\/2"}],"replies":[{"embeddable":true,"href":"https:\/\/forumdeficiencia.guimaraes.pt\/index.php?rest_route=%2Fwp%2Fv2%2Fcomments&post=1031"}],"version-history":[{"count":4,"href":"https:\/\/forumdeficiencia.guimaraes.pt\/index.php?rest_route=\/wp\/v2\/posts\/1031\/revisions"}],"predecessor-version":[{"id":1040,"href":"https:\/\/forumdeficiencia.guimaraes.pt\/index.php?rest_route=\/wp\/v2\/posts\/1031\/revisions\/1040"}],"wp:featuredmedia":[{"embeddable":true,"href":"https:\/\/forumdeficiencia.guimaraes.pt\/index.php?rest_route=\/wp\/v2\/media\/1032"}],"wp:attachment":[{"href":"https:\/\/forumdeficiencia.guimaraes.pt\/index.php?rest_route=%2Fwp%2Fv2%2Fmedia&parent=1031"}],"wp:term":[{"taxonomy":"category","embeddable":true,"href":"https:\/\/forumdeficiencia.guimaraes.pt\/index.php?rest_route=%2Fwp%2Fv2%2Fcategories&post=1031"},{"taxonomy":"post_tag","embeddable":true,"href":"https:\/\/forumdeficiencia.guimaraes.pt\/index.php?rest_route=%2Fwp%2Fv2%2Ftags&post=1031"}],"curies":[{"name":"wp","href":"https:\/\/api.w.org\/{rel}","templated":true}]}}