{"id":1085,"date":"2020-01-15T17:59:17","date_gmt":"2020-01-15T17:59:17","guid":{"rendered":"http:\/\/forumdeficiencia.guimaraes.pt\/?p=1085"},"modified":"2020-01-15T17:59:17","modified_gmt":"2020-01-15T17:59:17","slug":"vencedores-do-premio-praia-acessivel-2019","status":"publish","type":"post","link":"https:\/\/forumdeficiencia.guimaraes.pt\/?p=1085","title":{"rendered":"Vencedores do Pr\u00e9mio Praia + Acess\u00edvel 2019"},"content":{"rendered":"<p>A praia fluvial de Monsaraz, do munic\u00edpio de Reguengos de Monsaraz e a zona balnear dos Biscoitos, do munic\u00edpio de Praia da Vit\u00f3ria foram as zonas balneares premiadas pelo j\u00fari do Pr\u00e9mio Praia + Acess\u00edvel, ficando em primeiro e segundo lugares, respetivamente, num universo de 14 zonas balneares a concurso.<\/p>\n<p><!--more--><\/p>\n<p>\u201cO j\u00fari deliberou, por unanimidade, atribuir o primeiro e segundo pr\u00e9mios \u00e0s duas candidaturas cuja fundamenta\u00e7\u00e3o evidenciou melhores pr\u00e1ticas de acessibilidade e de apoio \u00e0s pessoas com mobilidade condicionada na passada \u00e9poca balnear\u201d, pode ler-se no site do Instituto Nacional de Reabilita\u00e7\u00e3o.<\/p>\n<p>Estas duas praias ter\u00e3o a oportunidade de receber equipamentos para melhorar ainda mais a respetiva oferta de acessibilidade numa cerim\u00f3nia a realizar este ano, \u201cem sess\u00e3o p\u00fablica a anunciar oportunamente\u201d.<\/p>\n<p>Foi ainda atribu\u00edda uma men\u00e7\u00e3o honrosa \u00e0 praia de Sta. Cruz-Centro, do munic\u00edpio de Torres Vedras.<\/p>\n<p>O galard\u00e3o do Programa \u201cPraia Acess\u00edvel \u2013 Praia para Todos!\u201d \u00e9, todos os anos, atribu\u00eddo pelo Instituto Nacional para a Reabilita\u00e7\u00e3o, I.P., pela Ag\u00eancia Portuguesa do Ambiente, I.P. e pelo Turismo de Portugal I.P., \u201c\u00e0s zonas balneares portuguesas que asseguram condi\u00e7\u00f5es de acessibilidade, seguran\u00e7a, conforto, autonomia e independ\u00eancia \u00e0s pessoas com mobilidade condicionada, e, portanto, um usufruto com equidade e dignidade destes espa\u00e7os de lazer\u201d.<\/p>\n<p>\u201cS\u00e3o exemplos destas mais-valias, entre outros poss\u00edveis: a disponibiliza\u00e7\u00e3o de equipamentos e apoio especializado para o banho e o passeio na praia, quer a pessoas com limita\u00e7\u00f5es de mobilidade, quer a pessoas cegas ou com baixa vis\u00e3o; a exist\u00eancia de espa\u00e7os de acolhimento e zonas de sombra reservadas a estas pessoas; a promo\u00e7\u00e3o de atividades l\u00fadicas, pedag\u00f3gicas e desportivas inclusivas; a gratuidade do estacionamento reservado\u201d, pode ler-se no site do INR, I.P.<\/p>\n<p>Anualmente as duas praias que obtenham a melhor classifica\u00e7\u00e3o na avalia\u00e7\u00e3o do j\u00fari nacional s\u00e3o distinguidas e t\u00eam a oportunidade de receber equipamentos para melhorar ainda mais a respetiva oferta de acessibilidade.<\/p>\n","protected":false},"excerpt":{"rendered":"<p>A praia fluvial de Monsaraz, do munic\u00edpio de Reguengos de Monsaraz e a zona balnear dos Biscoitos, do munic\u00edpio de Praia da Vit\u00f3ria foram as zonas balneares premiadas pelo j\u00fari do Pr\u00e9mio Praia + Acess\u00edvel, ficando em primeiro e segundo lugares, respetivamente, num universo de 14 zonas balneares a concurso.<\/p>\n","protected":false},"author":2,"featured_media":1086,"comment_status":"open","ping_status":"open","sticky":false,"template":"","format":"standard","meta":{"_monsterinsights_skip_tracking":false,"_monsterinsights_sitenote_active":false,"_monsterinsights_sitenote_note":"","_monsterinsights_sitenote_category":0,"footnotes":""},"categories":[3],"tags":[],"class_list":["post-1085","post","type-post","status-publish","format-standard","has-post-thumbnail","hentry","category-noticias"],"_links":{"self":[{"href":"https:\/\/forumdeficiencia.guimaraes.pt\/index.php?rest_route=\/wp\/v2\/posts\/1085","targetHints":{"allow":["GET"]}}],"collection":[{"href":"https:\/\/forumdeficiencia.guimaraes.pt\/index.php?rest_route=\/wp\/v2\/posts"}],"about":[{"href":"https:\/\/forumdeficiencia.guimaraes.pt\/index.php?rest_route=\/wp\/v2\/types\/post"}],"author":[{"embeddable":true,"href":"https:\/\/forumdeficiencia.guimaraes.pt\/index.php?rest_route=\/wp\/v2\/users\/2"}],"replies":[{"embeddable":true,"href":"https:\/\/forumdeficiencia.guimaraes.pt\/index.php?rest_route=%2Fwp%2Fv2%2Fcomments&post=1085"}],"version-history":[{"count":1,"href":"https:\/\/forumdeficiencia.guimaraes.pt\/index.php?rest_route=\/wp\/v2\/posts\/1085\/revisions"}],"predecessor-version":[{"id":1087,"href":"https:\/\/forumdeficiencia.guimaraes.pt\/index.php?rest_route=\/wp\/v2\/posts\/1085\/revisions\/1087"}],"wp:featuredmedia":[{"embeddable":true,"href":"https:\/\/forumdeficiencia.guimaraes.pt\/index.php?rest_route=\/wp\/v2\/media\/1086"}],"wp:attachment":[{"href":"https:\/\/forumdeficiencia.guimaraes.pt\/index.php?rest_route=%2Fwp%2Fv2%2Fmedia&parent=1085"}],"wp:term":[{"taxonomy":"category","embeddable":true,"href":"https:\/\/forumdeficiencia.guimaraes.pt\/index.php?rest_route=%2Fwp%2Fv2%2Fcategories&post=1085"},{"taxonomy":"post_tag","embeddable":true,"href":"https:\/\/forumdeficiencia.guimaraes.pt\/index.php?rest_route=%2Fwp%2Fv2%2Ftags&post=1085"}],"curies":[{"name":"wp","href":"https:\/\/api.w.org\/{rel}","templated":true}]}}