{"id":1088,"date":"2020-01-15T18:00:49","date_gmt":"2020-01-15T18:00:49","guid":{"rendered":"http:\/\/forumdeficiencia.guimaraes.pt\/?p=1088"},"modified":"2020-01-15T21:42:01","modified_gmt":"2020-01-15T21:42:01","slug":"lisboa-forum-das-politicas-publicas","status":"publish","type":"post","link":"https:\/\/forumdeficiencia.guimaraes.pt\/?p=1088","title":{"rendered":"Lisboa: F\u00f3rum das Pol\u00edticas P\u00fablicas"},"content":{"rendered":"<p>O F\u00f3rum das Pol\u00edticas P\u00fablicas realiza-se a 28 de janeiro, no grande audit\u00f3rio do Instituto Superior de Ci\u00eancias do Trabalho e da Empresa &#8211; Instituto Universit\u00e1rio de Lisboa (ISCTE-IUL) a partir das 09h30 e prolonga-se at\u00e9 \u00e0s 18h00.<\/p>\n<p><!--more--><\/p>\n<p>A edi\u00e7\u00e3o de 2020, desta iniciativa anual do ISCTE-IUL que tem como objetivo promover a informa\u00e7\u00e3o e o conhecimento sobre as pol\u00edticas p\u00fablicas, qualificar o debate de ideias e contribuir para a melhoria dos processos destas pol\u00edticas em Portugal, ser\u00e1 dedicada \u00e0 sua avalia\u00e7\u00e3o.<\/p>\n<p>\u201cO F\u00f3rum de 2020 ser\u00e1 precedido de um Curso Intensivo sobre Avalia\u00e7\u00e3o de Pol\u00edticas P\u00fablicas, sendo destinado a dirigentes e t\u00e9cnicos da Administra\u00e7\u00e3o P\u00fablica.<\/p>\n<p>A participa\u00e7\u00e3o em ambas as iniciativas \u00e9 gratuita mas est\u00e1 sujeita a inscri\u00e7\u00e3o, sendo o n\u00famero de lugares limitado. Consulte <a href=\"https:\/\/ipps.iscte-iul.pt\/index.php\/iniciativas\/forum1\/723-forum-2020\">AQUI<\/a> toda a informa\u00e7\u00e3o.<\/p>\n<p>&nbsp;<\/p>\n","protected":false},"excerpt":{"rendered":"<p>O F\u00f3rum das Pol\u00edticas P\u00fablicas realiza-se a 28 de janeiro, no grande audit\u00f3rio do Instituto Superior de Ci\u00eancias do Trabalho e da Empresa &#8211; Instituto Universit\u00e1rio de Lisboa (ISCTE-IUL) a partir das 09h30 e prolonga-se at\u00e9 \u00e0s 18h00.<\/p>\n","protected":false},"author":2,"featured_media":1089,"comment_status":"open","ping_status":"open","sticky":false,"template":"","format":"standard","meta":{"_monsterinsights_skip_tracking":false,"_monsterinsights_sitenote_active":false,"_monsterinsights_sitenote_note":"","_monsterinsights_sitenote_category":0,"footnotes":""},"categories":[4],"tags":[],"class_list":["post-1088","post","type-post","status-publish","format-standard","has-post-thumbnail","hentry","category-eventos"],"_links":{"self":[{"href":"https:\/\/forumdeficiencia.guimaraes.pt\/index.php?rest_route=\/wp\/v2\/posts\/1088","targetHints":{"allow":["GET"]}}],"collection":[{"href":"https:\/\/forumdeficiencia.guimaraes.pt\/index.php?rest_route=\/wp\/v2\/posts"}],"about":[{"href":"https:\/\/forumdeficiencia.guimaraes.pt\/index.php?rest_route=\/wp\/v2\/types\/post"}],"author":[{"embeddable":true,"href":"https:\/\/forumdeficiencia.guimaraes.pt\/index.php?rest_route=\/wp\/v2\/users\/2"}],"replies":[{"embeddable":true,"href":"https:\/\/forumdeficiencia.guimaraes.pt\/index.php?rest_route=%2Fwp%2Fv2%2Fcomments&post=1088"}],"version-history":[{"count":2,"href":"https:\/\/forumdeficiencia.guimaraes.pt\/index.php?rest_route=\/wp\/v2\/posts\/1088\/revisions"}],"predecessor-version":[{"id":1111,"href":"https:\/\/forumdeficiencia.guimaraes.pt\/index.php?rest_route=\/wp\/v2\/posts\/1088\/revisions\/1111"}],"wp:featuredmedia":[{"embeddable":true,"href":"https:\/\/forumdeficiencia.guimaraes.pt\/index.php?rest_route=\/wp\/v2\/media\/1089"}],"wp:attachment":[{"href":"https:\/\/forumdeficiencia.guimaraes.pt\/index.php?rest_route=%2Fwp%2Fv2%2Fmedia&parent=1088"}],"wp:term":[{"taxonomy":"category","embeddable":true,"href":"https:\/\/forumdeficiencia.guimaraes.pt\/index.php?rest_route=%2Fwp%2Fv2%2Fcategories&post=1088"},{"taxonomy":"post_tag","embeddable":true,"href":"https:\/\/forumdeficiencia.guimaraes.pt\/index.php?rest_route=%2Fwp%2Fv2%2Ftags&post=1088"}],"curies":[{"name":"wp","href":"https:\/\/api.w.org\/{rel}","templated":true}]}}