{"id":1091,"date":"2020-01-15T18:02:17","date_gmt":"2020-01-15T18:02:17","guid":{"rendered":"http:\/\/forumdeficiencia.guimaraes.pt\/?p=1091"},"modified":"2020-01-15T21:41:33","modified_gmt":"2020-01-15T21:41:33","slug":"transportes-publicos-o-sergio-reclamou-a-carris-respondeu","status":"publish","type":"post","link":"https:\/\/forumdeficiencia.guimaraes.pt\/?p=1091","title":{"rendered":"Transportes p\u00fablicos: o S\u00e9rgio reclamou, a Carris respondeu"},"content":{"rendered":"<p>S\u00e9rgio Alexandre Lopes na madrugada do dia 01 de janeiro n\u00e3o teve tarefa f\u00e1cil para regressar a casa depois de festejar a passagem de ano. O autocarro da Carris, em Lisboa, em que deveria seguir tinha a rampa avariada e o habitual \u201cvai ter que esperar pelo pr\u00f3ximo\u201d desta vez encontrou um cidad\u00e3o com mobilidade reduzida com vontade de dizer basta. S\u00e9rgio Alexandre Lopes decidiu bloquear a passagem do autocarro e desde essa altura o tema tem dado \u201cpano para mangas\u201d.<\/p>\n<p><!--more--><\/p>\n<p>\u201cO autocarro chegou \u00e0s 2h40 e a rampa estava avariada\u201d, come\u00e7a por relatar S\u00e9rgio Alexandre Lopes. \u201cA temperatura era de cerca de nove graus e a primeira coisa que o motorista disse, pela janela, depois de ter tentado acionar umas seis vezes o dispositivo, foi \u2018vai ter que esperar pelo pr\u00f3ximo\u2019. Este \u00e9 o discurso habitual\u201d, lamenta.<\/p>\n<p>Mas S\u00e9rgio Alexandre Lopes n\u00e3o estava sozinho. A namorada, Carmen Sofia Lopes, prontificou-se a bloquear a sa\u00edda do autocarro: \u201cPosso ir presa por impedir a circula\u00e7\u00e3o de um transporte p\u00fablico? Posso. E vou feliz. Sempre pensei que h\u00e1 excelentes motivos para se ser preso\u201d, referiu a assistente pessoal de profiss\u00e3o num v\u00eddeo que decidiu fazer e que circula no Facebook. &#8220;N\u00e3o vai um passageiro, n\u00e3o vai ningu\u00e9m\u201d, termina.<\/p>\n<p>Os passageiros foram informados \u201cdo motivo do bloqueio\u201d que segundo o relato, (dispon\u00edvel AQUI), \u00e9 justificado pela \u201cdiscrimina\u00e7\u00e3o que a Carris promove diariamente, do descaso com que s\u00e3o tratadas as pessoas com mobilidade reduzida\u201d. \u201cUm dos passageiros que mais apoiou a nossa decis\u00e3o chamou a PSP\u201d, continua a contar S\u00e9rgio Alexandre Lopes.<\/p>\n<p>Entretanto, com autocarro impedido de avan\u00e7ar, os agentes da PSP foram devidamente contextualizados da situa\u00e7\u00e3o que \u00e9 \u201cconstante\u201d e, sendo de madrugada e com baixas temperaturas, \u201ctudo se torna ainda mais grave\u201d. \u201cExpliquei que tenho o mesmo direito que todos os passageiros a viajar naquele autocarro, que tenho passe, que a Carris incumpre a Lei 46\/2006, que pro\u00edbe e pune a discrimina\u00e7\u00e3o em raz\u00e3o da defici\u00eancia e da exist\u00eancia de risco agravado de sa\u00fade, e que a alternativa que a Carris me estava a dar era um autocarro mais de uma hora e meia depois, sem garantias de ter uma rampa funcional\u201d, explica.<\/p>\n<p>Nem S\u00e9rgio Alexandre Lopes nem Carmen Sofia Figueiras foram presos e, depois de muita press\u00e3o, chegou um segundo autocarro disponibilizado pela Carris. \u201cLogo que o autocarro \u201creservado\u201d chegou, o motorista do primeiro queria ir embora, os agentes tentaram dissuadir-nos, mas, mais uma vez, por falta de confian\u00e7a na Carris, foi impedido de ir at\u00e9 que a rampa fosse testada. A rampa estava\u2026 avariada, caros amigos\u201d, continua a relatar.<\/p>\n<p>A rampa do segundo autocarro acabou por funcionar manualmente mas o epis\u00f3dio contou ainda com alguma falta de compreens\u00e3o por parte de alguns passageiros.<\/p>\n<p>A resposta da Carris chegou passados dois dias, na sequ\u00eancia, das not\u00edcias e da onda de indigna\u00e7\u00e3o que os internautas manifestaram nas redes sociais em rela\u00e7\u00e3o a este epis\u00f3dio, considerado recorrente quer por S\u00e9rgio Alexandre Lopes, quer por outros utilizadores dos transportes p\u00fablicos com mobilidade reduzida.<\/p>\n<p>\u201cIsto \u00e9 obviamente uma pr\u00e1tica discriminat\u00f3ria da Carris mas n\u00e3o se circunscreve a esta empresa. STCP, Rodovi\u00e1ria, Vimeca, Metro de Lisboa, etc., contribuem diariamente para uma situa\u00e7\u00e3o insustent\u00e1vel\u201d, aponta.<\/p>\n","protected":false},"excerpt":{"rendered":"<p>S\u00e9rgio Alexandre Lopes na madrugada do dia 01 de janeiro n\u00e3o teve tarefa f\u00e1cil para regressar a casa depois de festejar a passagem de ano. O autocarro da Carris, em Lisboa, em que deveria seguir tinha a rampa avariada e o habitual \u201cvai ter que esperar pelo pr\u00f3ximo\u201d desta vez encontrou um cidad\u00e3o com mobilidade [&hellip;]<\/p>\n","protected":false},"author":2,"featured_media":1092,"comment_status":"open","ping_status":"open","sticky":false,"template":"","format":"standard","meta":{"_monsterinsights_skip_tracking":false,"_monsterinsights_sitenote_active":false,"_monsterinsights_sitenote_note":"","_monsterinsights_sitenote_category":0,"footnotes":""},"categories":[3],"tags":[],"class_list":["post-1091","post","type-post","status-publish","format-standard","has-post-thumbnail","hentry","category-noticias"],"_links":{"self":[{"href":"https:\/\/forumdeficiencia.guimaraes.pt\/index.php?rest_route=\/wp\/v2\/posts\/1091","targetHints":{"allow":["GET"]}}],"collection":[{"href":"https:\/\/forumdeficiencia.guimaraes.pt\/index.php?rest_route=\/wp\/v2\/posts"}],"about":[{"href":"https:\/\/forumdeficiencia.guimaraes.pt\/index.php?rest_route=\/wp\/v2\/types\/post"}],"author":[{"embeddable":true,"href":"https:\/\/forumdeficiencia.guimaraes.pt\/index.php?rest_route=\/wp\/v2\/users\/2"}],"replies":[{"embeddable":true,"href":"https:\/\/forumdeficiencia.guimaraes.pt\/index.php?rest_route=%2Fwp%2Fv2%2Fcomments&post=1091"}],"version-history":[{"count":2,"href":"https:\/\/forumdeficiencia.guimaraes.pt\/index.php?rest_route=\/wp\/v2\/posts\/1091\/revisions"}],"predecessor-version":[{"id":1109,"href":"https:\/\/forumdeficiencia.guimaraes.pt\/index.php?rest_route=\/wp\/v2\/posts\/1091\/revisions\/1109"}],"wp:featuredmedia":[{"embeddable":true,"href":"https:\/\/forumdeficiencia.guimaraes.pt\/index.php?rest_route=\/wp\/v2\/media\/1092"}],"wp:attachment":[{"href":"https:\/\/forumdeficiencia.guimaraes.pt\/index.php?rest_route=%2Fwp%2Fv2%2Fmedia&parent=1091"}],"wp:term":[{"taxonomy":"category","embeddable":true,"href":"https:\/\/forumdeficiencia.guimaraes.pt\/index.php?rest_route=%2Fwp%2Fv2%2Fcategories&post=1091"},{"taxonomy":"post_tag","embeddable":true,"href":"https:\/\/forumdeficiencia.guimaraes.pt\/index.php?rest_route=%2Fwp%2Fv2%2Ftags&post=1091"}],"curies":[{"name":"wp","href":"https:\/\/api.w.org\/{rel}","templated":true}]}}