{"id":111,"date":"2018-11-28T16:02:55","date_gmt":"2018-11-28T16:02:55","guid":{"rendered":"http:\/\/forumdeficiencia.guimaraes.pt\/?p=111"},"modified":"2018-11-30T09:26:34","modified_gmt":"2018-11-30T09:26:34","slug":"portal-infopedia-disponibiliza-dicionario-de-lingua-gestual-portuguesa","status":"publish","type":"post","link":"https:\/\/forumdeficiencia.guimaraes.pt\/?p=111","title":{"rendered":"Portal Infop\u00e9dia disponibiliza dicion\u00e1rio de l\u00edngua gestual portuguesa"},"content":{"rendered":"<p>A 15 de novembro comemora-se o Dia Nacional da L\u00edngua Gestual Portuguesa e, este ano, aproveitando a efem\u00e9ride, a Porto Editora colocou online, atrav\u00e9s do Portal Infop\u00e9dia, o que diz ser o \u201c\u00fanico dicion\u00e1rio de l\u00edngua gestual portuguesa\u201d.<\/p>\n<p><!--more--><\/p>\n<p><img loading=\"lazy\" decoding=\"async\" class=\"alignnone wp-image-117\" src=\"http:\/\/forumdeficiencia.guimaraes.pt\/wp-content\/uploads\/2018\/11\/infopedia.fw_-300x129.png\" alt=\"Portal Infop\u00e9dia disponibiliza dicion\u00e1rio de l\u00edngua gestual portuguesa\" width=\"790\" height=\"340\" srcset=\"https:\/\/forumdeficiencia.guimaraes.pt\/wp-content\/uploads\/2018\/11\/infopedia.fw_-300x129.png 300w, https:\/\/forumdeficiencia.guimaraes.pt\/wp-content\/uploads\/2018\/11\/infopedia.fw_-768x331.png 768w, https:\/\/forumdeficiencia.guimaraes.pt\/wp-content\/uploads\/2018\/11\/infopedia.fw_-1024x442.png 1024w, https:\/\/forumdeficiencia.guimaraes.pt\/wp-content\/uploads\/2018\/11\/infopedia.fw_.png 1196w\" sizes=\"auto, (max-width: 790px) 100vw, 790px\" \/><\/p>\n<p>O <a href=\"http:\/\/A 15 de novembro comemora-se o Dia Nacional da L\u00edngua Gestual Portuguesa e, este ano, aproveitando a efem\u00e9ride, a Porto Editora colocou online, atrav\u00e9s do Portal Infop\u00e9dia, o que diz ser o \u201c\u00fanico dicion\u00e1rio de l\u00edngua gestual portuguesa\u201d. O dicion\u00e1rio, cuja autora \u00e9 Ana Bela Baltazar, int\u00e9rprete e professora de L\u00edngua Gestual Portuguesa, re\u00fane mais de 5300 entradas, todas devidamente acompanhadas de v\u00eddeo demonstrativo. De consulta f\u00e1cil, nomeadamente atrav\u00e9s do telem\u00f3vel e outros dispositivos m\u00f3veis, com esta iniciativa pretende-se \u201cproporcionar um apoio mais efetivo quer \u00e0 comunidade de surdos em Portugal \u2013 calculada em mais de 100 mil \u2013 quer aos familiares, educadores, professores ou t\u00e9cnicos\u201d. \u201cN\u00e3o menos importante, \u00e9 a contribui\u00e7\u00e3o para a efetiva inclus\u00e3o daqueles cidad\u00e3os na sociedade e para a valoriza\u00e7\u00e3o de uma das l\u00ednguas oficiais do nosso pa\u00eds, a L\u00edngua Gestual Portuguesa\u201d, pode ler-se no site da Porto Editora. https:\/\/www.infopedia.pt\/dicionarios\/lingua-gestual\">dicion\u00e1rio<\/a>, cuja autora \u00e9 Ana Bela Baltazar, int\u00e9rprete e professora de L\u00edngua Gestual Portuguesa, re\u00fane mais de 5300 entradas, todas devidamente acompanhadas de v\u00eddeo demonstrativo.<br \/>\nDe consulta f\u00e1cil, nomeadamente atrav\u00e9s do telem\u00f3vel e outros dispositivos m\u00f3veis, com esta iniciativa pretende-se \u201cproporcionar um apoio mais efetivo quer \u00e0 comunidade de surdos em Portugal \u2013 calculada em mais de 100 mil \u2013 quer aos familiares, educadores, professores ou t\u00e9cnicos\u201d. \u201cN\u00e3o menos importante, \u00e9 a contribui\u00e7\u00e3o para a efetiva inclus\u00e3o daqueles cidad\u00e3os na sociedade e para a valoriza\u00e7\u00e3o de uma das l\u00ednguas oficiais do nosso pa\u00eds, a L\u00edngua Gestual Portuguesa\u201d, pode ler-se no site da Porto Editora.<\/p>\n<p>&nbsp;<\/p>\n","protected":false},"excerpt":{"rendered":"<p>A 15 de novembro comemora-se o Dia Nacional da L\u00edngua Gestual Portuguesa e, este ano, aproveitando a efem\u00e9ride, a Porto Editora colocou online, atrav\u00e9s do Portal Infop\u00e9dia, o que diz ser o \u201c\u00fanico dicion\u00e1rio de l\u00edngua gestual portuguesa\u201d.<\/p>\n","protected":false},"author":2,"featured_media":117,"comment_status":"open","ping_status":"open","sticky":false,"template":"","format":"standard","meta":{"_monsterinsights_skip_tracking":false,"_monsterinsights_sitenote_active":false,"_monsterinsights_sitenote_note":"","_monsterinsights_sitenote_category":0,"footnotes":""},"categories":[3],"tags":[],"class_list":["post-111","post","type-post","status-publish","format-standard","has-post-thumbnail","hentry","category-noticias"],"_links":{"self":[{"href":"https:\/\/forumdeficiencia.guimaraes.pt\/index.php?rest_route=\/wp\/v2\/posts\/111","targetHints":{"allow":["GET"]}}],"collection":[{"href":"https:\/\/forumdeficiencia.guimaraes.pt\/index.php?rest_route=\/wp\/v2\/posts"}],"about":[{"href":"https:\/\/forumdeficiencia.guimaraes.pt\/index.php?rest_route=\/wp\/v2\/types\/post"}],"author":[{"embeddable":true,"href":"https:\/\/forumdeficiencia.guimaraes.pt\/index.php?rest_route=\/wp\/v2\/users\/2"}],"replies":[{"embeddable":true,"href":"https:\/\/forumdeficiencia.guimaraes.pt\/index.php?rest_route=%2Fwp%2Fv2%2Fcomments&post=111"}],"version-history":[{"count":6,"href":"https:\/\/forumdeficiencia.guimaraes.pt\/index.php?rest_route=\/wp\/v2\/posts\/111\/revisions"}],"predecessor-version":[{"id":115,"href":"https:\/\/forumdeficiencia.guimaraes.pt\/index.php?rest_route=\/wp\/v2\/posts\/111\/revisions\/115"}],"wp:featuredmedia":[{"embeddable":true,"href":"https:\/\/forumdeficiencia.guimaraes.pt\/index.php?rest_route=\/wp\/v2\/media\/117"}],"wp:attachment":[{"href":"https:\/\/forumdeficiencia.guimaraes.pt\/index.php?rest_route=%2Fwp%2Fv2%2Fmedia&parent=111"}],"wp:term":[{"taxonomy":"category","embeddable":true,"href":"https:\/\/forumdeficiencia.guimaraes.pt\/index.php?rest_route=%2Fwp%2Fv2%2Fcategories&post=111"},{"taxonomy":"post_tag","embeddable":true,"href":"https:\/\/forumdeficiencia.guimaraes.pt\/index.php?rest_route=%2Fwp%2Fv2%2Ftags&post=111"}],"curies":[{"name":"wp","href":"https:\/\/api.w.org\/{rel}","templated":true}]}}