{"id":1159,"date":"2020-02-17T12:27:19","date_gmt":"2020-02-17T12:27:19","guid":{"rendered":"http:\/\/forumdeficiencia.guimaraes.pt\/?p=1159"},"modified":"2020-02-17T12:27:19","modified_gmt":"2020-02-17T12:27:19","slug":"criado-grupo-de-trabalho-para-desenvolver-a-estrategia-nacional-de-promocao-da-acessibilidade-e-da-inclusao-dos-museus-monumentos-e-palacios","status":"publish","type":"post","link":"https:\/\/forumdeficiencia.guimaraes.pt\/?p=1159","title":{"rendered":"Criado grupo de trabalho para desenvolver a Estrat\u00e9gia Nacional de Promo\u00e7\u00e3o da Acessibilidade e da Inclus\u00e3o dos Museus, Monumentos e Pal\u00e1cios"},"content":{"rendered":"<p>A cria\u00e7\u00e3o do grupo de trabalho para desenvolver e apresentar a Estrat\u00e9gia Nacional de Promo\u00e7\u00e3o da Acessibilidade e da Inclus\u00e3o dos Museus, Monumentos e Pal\u00e1cios foi publicada a 14 de fevereiro em Di\u00e1rio da Rep\u00fablica, num Despacho dos Minist\u00e9rios da Cultura e Trabalho, Solidariedade e Seguran\u00e7a Social.<\/p>\n<p><!--more--><\/p>\n<p>Este trabalho dos Gabinetes das Secret\u00e1rias de Estado Adjunta e do Patrim\u00f3nio Cultural e da Inclus\u00e3o das Pessoas com Defici\u00eancia teve como objetivo principal definir a miss\u00e3o do grupo e estipular metas a cumprir, nomeadamente, a apresenta\u00e7\u00e3o de um relat\u00f3rio intercalar das suas atividades, at\u00e9 11 de maio, e um relat\u00f3rio final, at\u00e9 30 de setembro deste ano.<\/p>\n<p>\u201cComo \u00e9 do vosso conhecimento, o XXII Governo Constitucional tem como prioridade a promo\u00e7\u00e3o da inclus\u00e3o e das acessibilidades, porquanto se constituem um fator crucial na qualidade de vida de todos os cidad\u00e3os e no pleno exerc\u00edcio de direitos. Este \u00e9 mais um passo, no caminho, em prol da Inclus\u00e3o das Pessoas com Defici\u00eancia\u201d, refere Ana Sofia Antunes na p\u00e1gina oficial do Facebook.<\/p>\n<p>Pode consultar o despacho <a href=\"https:\/\/dre.pt\/web\/guest\/pesquisa\/-\/search\/129218409\/details\/normal?l=1&amp;fbclid=IwAR1Px21Em3eDbOkP1Iy7jOs1sakPEVG65p0R3hnWTsPhZ0jANBLr7nLd9aU\">AQUI<\/a><\/p>\n<p>&nbsp;<\/p>\n","protected":false},"excerpt":{"rendered":"<p>A cria\u00e7\u00e3o do grupo de trabalho para desenvolver e apresentar a Estrat\u00e9gia Nacional de Promo\u00e7\u00e3o da Acessibilidade e da Inclus\u00e3o dos Museus, Monumentos e Pal\u00e1cios foi publicada a 14 de fevereiro em Di\u00e1rio da Rep\u00fablica, num Despacho dos Minist\u00e9rios da Cultura e Trabalho, Solidariedade e Seguran\u00e7a Social.<\/p>\n","protected":false},"author":2,"featured_media":1161,"comment_status":"open","ping_status":"open","sticky":false,"template":"","format":"standard","meta":{"_monsterinsights_skip_tracking":false,"_monsterinsights_sitenote_active":false,"_monsterinsights_sitenote_note":"","_monsterinsights_sitenote_category":0,"footnotes":""},"categories":[3],"tags":[],"class_list":["post-1159","post","type-post","status-publish","format-standard","has-post-thumbnail","hentry","category-noticias"],"_links":{"self":[{"href":"https:\/\/forumdeficiencia.guimaraes.pt\/index.php?rest_route=\/wp\/v2\/posts\/1159","targetHints":{"allow":["GET"]}}],"collection":[{"href":"https:\/\/forumdeficiencia.guimaraes.pt\/index.php?rest_route=\/wp\/v2\/posts"}],"about":[{"href":"https:\/\/forumdeficiencia.guimaraes.pt\/index.php?rest_route=\/wp\/v2\/types\/post"}],"author":[{"embeddable":true,"href":"https:\/\/forumdeficiencia.guimaraes.pt\/index.php?rest_route=\/wp\/v2\/users\/2"}],"replies":[{"embeddable":true,"href":"https:\/\/forumdeficiencia.guimaraes.pt\/index.php?rest_route=%2Fwp%2Fv2%2Fcomments&post=1159"}],"version-history":[{"count":1,"href":"https:\/\/forumdeficiencia.guimaraes.pt\/index.php?rest_route=\/wp\/v2\/posts\/1159\/revisions"}],"predecessor-version":[{"id":1162,"href":"https:\/\/forumdeficiencia.guimaraes.pt\/index.php?rest_route=\/wp\/v2\/posts\/1159\/revisions\/1162"}],"wp:featuredmedia":[{"embeddable":true,"href":"https:\/\/forumdeficiencia.guimaraes.pt\/index.php?rest_route=\/wp\/v2\/media\/1161"}],"wp:attachment":[{"href":"https:\/\/forumdeficiencia.guimaraes.pt\/index.php?rest_route=%2Fwp%2Fv2%2Fmedia&parent=1159"}],"wp:term":[{"taxonomy":"category","embeddable":true,"href":"https:\/\/forumdeficiencia.guimaraes.pt\/index.php?rest_route=%2Fwp%2Fv2%2Fcategories&post=1159"},{"taxonomy":"post_tag","embeddable":true,"href":"https:\/\/forumdeficiencia.guimaraes.pt\/index.php?rest_route=%2Fwp%2Fv2%2Ftags&post=1159"}],"curies":[{"name":"wp","href":"https:\/\/api.w.org\/{rel}","templated":true}]}}