{"id":1163,"date":"2020-02-17T12:29:29","date_gmt":"2020-02-17T12:29:29","guid":{"rendered":"http:\/\/forumdeficiencia.guimaraes.pt\/?p=1163"},"modified":"2020-02-17T12:29:42","modified_gmt":"2020-02-17T12:29:42","slug":"consignacao-do-irs-um-importo-solidario","status":"publish","type":"post","link":"https:\/\/forumdeficiencia.guimaraes.pt\/?p=1163","title":{"rendered":"Consigna\u00e7\u00e3o do IRS: um importo solid\u00e1rio"},"content":{"rendered":"<p>Est\u00e1 na altura de tratar do IRS. Mas sabia que com esta obriga\u00e7\u00e3o fiscal pode apoiar quem mais precisa?<\/p>\n<p><!--more--><\/p>\n<p>A consigna\u00e7\u00e3o do IRS permite-lhe encaminhar 0,5% do imposto liquidado a favor do Estado em prol de uma institui\u00e7\u00e3o de solidariedade social. \u00c9 muito importante perceber que esta opera\u00e7\u00e3o n\u00e3o acarreta qualquer custo acrescido para o contribuinte, ou seja, n\u00e3o recebe menos, nem paga mais.<\/p>\n<p>Quer isto dizer que o Estado ao inv\u00e9s de ficar com a totalidade do seu IRS aceita que parte do importo reverta a favor da organiza\u00e7\u00e3o que decidir apoiar.<\/p>\n<p>&nbsp;<\/p>\n<p>Exemplo:<\/p>\n<p>Imagine que o seu IRS liquidado \u00e9 de 10 000 euros e tem direito a um reembolso de 1 000 euros. Se decidir consignar 0,5% do seu IRS liquidado a uma entidade, esta receber\u00e1 50 euros (10 000 euros x 0,5%). J\u00e1 o Estado arrecadar\u00e1 a diferen\u00e7a entre o IRS liquidado e a consigna\u00e7\u00e3o de 0,5% do IRS, ficando com 9 950 euros (10 000 euros \u2013 50 euros). O seu reembolso n\u00e3o \u00e9 afetado. Receber\u00e1 1 000 euros.<\/p>\n<p>A Autoridade Tribut\u00e1ria (AT) todos os anos divulga a lista de todas as entidades de cariz social candidatas \u00e0 consigna\u00e7\u00e3o para que os contribuintes possam escolher uma para atribuir as referidas consigna\u00e7\u00f5es. Aqui ficam os N\u00fameros de Identifica\u00e7\u00e3o Fiscal de algumas das entidades que integram o F\u00f3rum Municipal das Pessoas com Defici\u00eancia caso opte por apoiar alguma delas.<\/p>\n<p>Centro de Atividades Ocupacionais e Lar Residencial Alecrim | NIF\u00a0<strong>500839158<\/strong><strong>\u00a0<\/strong><\/p>\n<p>Associa\u00e7\u00e3o de Paralisia Cerebral de Guimar\u00e3es | NIF <strong>506641562<\/strong><\/p>\n<p>CERCIGUI &#8211; Cooperativa de Educa\u00e7\u00e3o e Reabilita\u00e7\u00e3o de Cidad\u00e3os com Incapacidades de Guimar\u00e3es, CRL. | NIF <strong>500636834<\/strong><\/p>\n","protected":false},"excerpt":{"rendered":"<p>Est\u00e1 na altura de tratar do IRS. Mas sabia que com esta obriga\u00e7\u00e3o fiscal pode apoiar quem mais precisa?<\/p>\n","protected":false},"author":2,"featured_media":1164,"comment_status":"open","ping_status":"open","sticky":false,"template":"","format":"standard","meta":{"_monsterinsights_skip_tracking":false,"_monsterinsights_sitenote_active":false,"_monsterinsights_sitenote_note":"","_monsterinsights_sitenote_category":0,"footnotes":""},"categories":[3],"tags":[],"class_list":["post-1163","post","type-post","status-publish","format-standard","has-post-thumbnail","hentry","category-noticias"],"_links":{"self":[{"href":"https:\/\/forumdeficiencia.guimaraes.pt\/index.php?rest_route=\/wp\/v2\/posts\/1163","targetHints":{"allow":["GET"]}}],"collection":[{"href":"https:\/\/forumdeficiencia.guimaraes.pt\/index.php?rest_route=\/wp\/v2\/posts"}],"about":[{"href":"https:\/\/forumdeficiencia.guimaraes.pt\/index.php?rest_route=\/wp\/v2\/types\/post"}],"author":[{"embeddable":true,"href":"https:\/\/forumdeficiencia.guimaraes.pt\/index.php?rest_route=\/wp\/v2\/users\/2"}],"replies":[{"embeddable":true,"href":"https:\/\/forumdeficiencia.guimaraes.pt\/index.php?rest_route=%2Fwp%2Fv2%2Fcomments&post=1163"}],"version-history":[{"count":2,"href":"https:\/\/forumdeficiencia.guimaraes.pt\/index.php?rest_route=\/wp\/v2\/posts\/1163\/revisions"}],"predecessor-version":[{"id":1166,"href":"https:\/\/forumdeficiencia.guimaraes.pt\/index.php?rest_route=\/wp\/v2\/posts\/1163\/revisions\/1166"}],"wp:featuredmedia":[{"embeddable":true,"href":"https:\/\/forumdeficiencia.guimaraes.pt\/index.php?rest_route=\/wp\/v2\/media\/1164"}],"wp:attachment":[{"href":"https:\/\/forumdeficiencia.guimaraes.pt\/index.php?rest_route=%2Fwp%2Fv2%2Fmedia&parent=1163"}],"wp:term":[{"taxonomy":"category","embeddable":true,"href":"https:\/\/forumdeficiencia.guimaraes.pt\/index.php?rest_route=%2Fwp%2Fv2%2Fcategories&post=1163"},{"taxonomy":"post_tag","embeddable":true,"href":"https:\/\/forumdeficiencia.guimaraes.pt\/index.php?rest_route=%2Fwp%2Fv2%2Ftags&post=1163"}],"curies":[{"name":"wp","href":"https:\/\/api.w.org\/{rel}","templated":true}]}}