{"id":1171,"date":"2020-02-17T12:37:23","date_gmt":"2020-02-17T12:37:23","guid":{"rendered":"http:\/\/forumdeficiencia.guimaraes.pt\/?p=1171"},"modified":"2020-02-17T12:37:23","modified_gmt":"2020-02-17T12:37:23","slug":"cercigui-apresenta-pele-um-espetaculo-de-arte-inclusiva","status":"publish","type":"post","link":"https:\/\/forumdeficiencia.guimaraes.pt\/?p=1171","title":{"rendered":"Cercigui apresenta \u201cPele\u201d, um espet\u00e1culo de arte inclusiva"},"content":{"rendered":"<p>\u201cPele\u201d, al\u00e9m de ser o maior \u00f3rg\u00e3o do corpo humano, \u00e9 o nome da mais recente cria\u00e7\u00e3o da Cercigui que tem encontro marcado com a comunidade vimaranense no domingo, dia 01 de mar\u00e7o pelas 17h00, no Centro Cultural Vila Flor (CCVF).<\/p>\n<p><!--more--><\/p>\n<p>\u201cEste projeto teve como in\u00edcio a ideia e o conceito dado pela Joana Antunes. A idealiza\u00e7\u00e3o de transcender o pr\u00f3prio significado da Pele, como representa\u00e7\u00e3o de todo o ser humano, foi o mote de todo este trabalho\u201d, refere o produtor Jo\u00e3o Rocha, convidado inicialmente para a composi\u00e7\u00e3o e dire\u00e7\u00e3o musicais, mas cujo envolvimento foi aumentando. \u201cFui trabalhando, descobrindo as pessoas, descobrindo-me. A equipa foi crescendo e estamos a fazer coisas maravilhosas\u201d, acrescenta.<\/p>\n<p>A Cercigui promete arrepios na \u201cPele\u201d de todos aqueles que se propuserem a ver este espet\u00e1culo de arte inclusiva totalmente produzido e encenado pela institui\u00e7\u00e3o.<\/p>\n<p>Houve quem j\u00e1 pudesse assistir \u00e0 estreia deste espet\u00e1culo de movimento, m\u00fasica, v\u00eddeo e imagem, cofinanciado pelo Programa de Financiamento a Projetos do INR, no dia 03 de dezembro, Dia Internacional das Pessoas com Defici\u00eancia. Agora a data \u00e9 outra, mas o palco \u00e9 o mesmo e a Cercigui conta com a comunidade vimaranense para ocupar todos os lugares do grande audit\u00f3rio do CCVF para assistir a este espet\u00e1culo que se apresenta como um exemplo de inclus\u00e3o dentro e fora de cena.<\/p>\n<p>\u201c\u00c9 de real\u00e7ar o valor de todos os elementos da CERCIGUI que trabalham para este projeto voluntariamente, com ideias, dedica\u00e7\u00e3o e sorriso nos olhos. Os monitores e assistentes, por exemplo, que passam todo o dia com eles s\u00e3o um elemento fulcral neste projeto e na vida deles. \u00c9 fascinante trabalhar com quem se dedica de alma e cora\u00e7\u00e3o ao que se prop\u00f5e\u201d, aprecia Jo\u00e3o Rocha o produtor do espet\u00e1culo.<\/p>\n<p>Estamos a falar em mais de 90 pessoas em palco que incluem tamb\u00e9m os alunos de dan\u00e7a do Agrupamento de Escolas da Aba\u00e7\u00e3o. A coreografia, a m\u00fasica e a cenografia de \u201cPele\u201d foram, originalmente, criados para este espet\u00e1culo que se manifesta um exemplo de acessibilidade para diferentes perfis de p\u00fablico.<\/p>\n<p>\u201cOutro dos grandes prop\u00f3sitos deste espet\u00e1culo \u00e9 levar a arte a todas as pessoas. O fator de acessibilidade nas salas de espet\u00e1culo \u00e9 muito importante para n\u00f3s\u201d, antecipa Jo\u00e3o Rocha. A verdade \u00e9 que este \u00e9 o primeiro espet\u00e1culo do CCVF que poder\u00e1 contar com informa\u00e7\u00e3o em braille, leitura f\u00e1cil em pictogramas, interpreta\u00e7\u00e3o em L\u00edngua Gestual Portuguesa e audiodescri\u00e7\u00e3o.<\/p>\n<p>\u201cVai ser uma experi\u00eancia \u00fanica, v\u00e3o ter a oportunidade de ver o resultado da dedica\u00e7\u00e3o de todos envolvidos no projeto. A arte \u00e9 tamb\u00e9m uma forma de comunica\u00e7\u00e3o, uma l\u00edngua universal, \u00e9 uma das pontes com muita signific\u00e2ncia que temos para podermos chegar \u00e0s pessoas. O que estamos a fazer ser\u00e1 um marco na vida dos clientes da Cercigui e de todos os intervenientes, como uma cicatriz na pele, fica para sempre. \u00c9 isso que vai ser transmitido e quem for assistir com certeza tamb\u00e9m vai ficar com essa experi\u00eancia\u201d. Produtor, Jo\u00e3o Rocha<\/p>\n<p>Os bilhetes t\u00eam um valor unit\u00e1rio de oito euros e podem ser adquiridos na Cercigui, no CCVF, na Plataforma das Artes e Criatividade, na Casa da Mem\u00f3ria e na <a href=\"https:\/\/oficina.bol.pt\/Comprar\/Bilhetes\/86537-pele-c_cultural_vila_flor\/?fbclid=IwAR2gkhE7bfxQwTYbmiVCeRIwLmROw0BPrVRupXs9O7IMfaFprD8IK6WM1wc\">online<\/a>. A receita da bilheteira reverte, na totalidade, a favor da Cercigui.<\/p>\n<p>&nbsp;<\/p>\n","protected":false},"excerpt":{"rendered":"<p>\u201cPele\u201d, al\u00e9m de ser o maior \u00f3rg\u00e3o do corpo humano, \u00e9 o nome da mais recente cria\u00e7\u00e3o da Cercigui que tem encontro marcado com a comunidade vimaranense no domingo, dia 01 de mar\u00e7o pelas 17h00, no Centro Cultural Vila Flor (CCVF).<\/p>\n","protected":false},"author":2,"featured_media":1173,"comment_status":"open","ping_status":"open","sticky":false,"template":"","format":"standard","meta":{"_monsterinsights_skip_tracking":false,"_monsterinsights_sitenote_active":false,"_monsterinsights_sitenote_note":"","_monsterinsights_sitenote_category":0,"footnotes":""},"categories":[3],"tags":[],"class_list":["post-1171","post","type-post","status-publish","format-standard","has-post-thumbnail","hentry","category-noticias"],"_links":{"self":[{"href":"https:\/\/forumdeficiencia.guimaraes.pt\/index.php?rest_route=\/wp\/v2\/posts\/1171","targetHints":{"allow":["GET"]}}],"collection":[{"href":"https:\/\/forumdeficiencia.guimaraes.pt\/index.php?rest_route=\/wp\/v2\/posts"}],"about":[{"href":"https:\/\/forumdeficiencia.guimaraes.pt\/index.php?rest_route=\/wp\/v2\/types\/post"}],"author":[{"embeddable":true,"href":"https:\/\/forumdeficiencia.guimaraes.pt\/index.php?rest_route=\/wp\/v2\/users\/2"}],"replies":[{"embeddable":true,"href":"https:\/\/forumdeficiencia.guimaraes.pt\/index.php?rest_route=%2Fwp%2Fv2%2Fcomments&post=1171"}],"version-history":[{"count":1,"href":"https:\/\/forumdeficiencia.guimaraes.pt\/index.php?rest_route=\/wp\/v2\/posts\/1171\/revisions"}],"predecessor-version":[{"id":1174,"href":"https:\/\/forumdeficiencia.guimaraes.pt\/index.php?rest_route=\/wp\/v2\/posts\/1171\/revisions\/1174"}],"wp:featuredmedia":[{"embeddable":true,"href":"https:\/\/forumdeficiencia.guimaraes.pt\/index.php?rest_route=\/wp\/v2\/media\/1173"}],"wp:attachment":[{"href":"https:\/\/forumdeficiencia.guimaraes.pt\/index.php?rest_route=%2Fwp%2Fv2%2Fmedia&parent=1171"}],"wp:term":[{"taxonomy":"category","embeddable":true,"href":"https:\/\/forumdeficiencia.guimaraes.pt\/index.php?rest_route=%2Fwp%2Fv2%2Fcategories&post=1171"},{"taxonomy":"post_tag","embeddable":true,"href":"https:\/\/forumdeficiencia.guimaraes.pt\/index.php?rest_route=%2Fwp%2Fv2%2Ftags&post=1171"}],"curies":[{"name":"wp","href":"https:\/\/api.w.org\/{rel}","templated":true}]}}