{"id":1175,"date":"2020-02-17T12:42:54","date_gmt":"2020-02-17T12:42:54","guid":{"rendered":"http:\/\/forumdeficiencia.guimaraes.pt\/?p=1175"},"modified":"2020-02-17T12:43:17","modified_gmt":"2020-02-17T12:43:17","slug":"alecrim-todos-por-uma-causa-volta-a-homenagear-a-diversidade","status":"publish","type":"post","link":"https:\/\/forumdeficiencia.guimaraes.pt\/?p=1175","title":{"rendered":"Alecrim: Todos por uma Causa volta a homenagear a diversidade"},"content":{"rendered":"<p>O evento que o Centro de Atividades Ocupacionais e Lar Residencial Alecrim da Santa Casa da Miseric\u00f3rdia de Guimar\u00e3es realiza todos os anos tem a 8.\u00aa edi\u00e7\u00e3o marcada para o dia 30 de abril a partir das 9h00 no pavilh\u00e3o Multiusos de Guimar\u00e3es.<\/p>\n<p><!--more--><\/p>\n<p>\u201cTodos por uma causa, todos pela defici\u00eancia\u201d faz uma viagem no tempo e prop\u00f5e-se a concretizar uma festa tem\u00e1tica em que nada \u00e9 deixado ao acaso. \u201cEste ano o tema escolhido \u00e9 o Alecrim Medieval, vamos fazer uma viagem pela \u00e9poca medieval e tudo o que se poder\u00e1 encontrar \u00e9 ligado a essa \u00e9poca\u201d, antecipa a animadora da institui\u00e7\u00e3o, C\u00e1tia Sofia.<\/p>\n<p>Esta \u00e9 um evento aberto \u00e0 comunidade e todos os que quiserem participar nesta festa poder\u00e3o experimentar os jogos tradicionais, dan\u00e7as medievais, o tratamento de animais, os ateliers para a produ\u00e7\u00e3o de sacos aromatizados e de bolsas em pele.<\/p>\n<p>\u201cEste ano o almo\u00e7o tamb\u00e9m \u00e9 alusivo a esta \u00e9poca e, provavelmente, ser\u00e1 a bifana, o p\u00e3o com chouri\u00e7o, a pe\u00e7a de fruta e vamos conseguir arranjar alimenta\u00e7\u00e3o que v\u00e1 de encontro aos perfis dos clientes das institui\u00e7\u00f5es presentes\u201d, garante a animadora.<\/p>\n<p>Para participar neste evento que se prolonga pela tarde da \u00faltima quinta-feira de abril s\u00e3o convidadas institui\u00e7\u00f5es da regi\u00e3o norte do pa\u00eds, estando previsto receber cerca de mil pessoas cheias de vontade de celebrar a diversidade.<\/p>\n<p>Os interessados em participa\u00e7\u00e3o dever\u00e3o inscrever-se atrav\u00e9s do email <a href=\"mailto:todosporumacausa@scmguimaraes.com\">todosporumacausa@scmguimaraes.com<\/a><\/p>\n","protected":false},"excerpt":{"rendered":"<p>O evento que o Centro de Atividades Ocupacionais e Lar Residencial Alecrim da Santa Casa da Miseric\u00f3rdia de Guimar\u00e3es realiza todos os anos tem a 8.\u00aa edi\u00e7\u00e3o marcada para o dia 30 de abril a partir das 9h00 no pavilh\u00e3o Multiusos de Guimar\u00e3es.<\/p>\n","protected":false},"author":2,"featured_media":1177,"comment_status":"open","ping_status":"open","sticky":false,"template":"","format":"standard","meta":{"_monsterinsights_skip_tracking":false,"_monsterinsights_sitenote_active":false,"_monsterinsights_sitenote_note":"","_monsterinsights_sitenote_category":0,"footnotes":""},"categories":[3],"tags":[],"class_list":["post-1175","post","type-post","status-publish","format-standard","has-post-thumbnail","hentry","category-noticias"],"_links":{"self":[{"href":"https:\/\/forumdeficiencia.guimaraes.pt\/index.php?rest_route=\/wp\/v2\/posts\/1175","targetHints":{"allow":["GET"]}}],"collection":[{"href":"https:\/\/forumdeficiencia.guimaraes.pt\/index.php?rest_route=\/wp\/v2\/posts"}],"about":[{"href":"https:\/\/forumdeficiencia.guimaraes.pt\/index.php?rest_route=\/wp\/v2\/types\/post"}],"author":[{"embeddable":true,"href":"https:\/\/forumdeficiencia.guimaraes.pt\/index.php?rest_route=\/wp\/v2\/users\/2"}],"replies":[{"embeddable":true,"href":"https:\/\/forumdeficiencia.guimaraes.pt\/index.php?rest_route=%2Fwp%2Fv2%2Fcomments&post=1175"}],"version-history":[{"count":2,"href":"https:\/\/forumdeficiencia.guimaraes.pt\/index.php?rest_route=\/wp\/v2\/posts\/1175\/revisions"}],"predecessor-version":[{"id":1179,"href":"https:\/\/forumdeficiencia.guimaraes.pt\/index.php?rest_route=\/wp\/v2\/posts\/1175\/revisions\/1179"}],"wp:featuredmedia":[{"embeddable":true,"href":"https:\/\/forumdeficiencia.guimaraes.pt\/index.php?rest_route=\/wp\/v2\/media\/1177"}],"wp:attachment":[{"href":"https:\/\/forumdeficiencia.guimaraes.pt\/index.php?rest_route=%2Fwp%2Fv2%2Fmedia&parent=1175"}],"wp:term":[{"taxonomy":"category","embeddable":true,"href":"https:\/\/forumdeficiencia.guimaraes.pt\/index.php?rest_route=%2Fwp%2Fv2%2Fcategories&post=1175"},{"taxonomy":"post_tag","embeddable":true,"href":"https:\/\/forumdeficiencia.guimaraes.pt\/index.php?rest_route=%2Fwp%2Fv2%2Ftags&post=1175"}],"curies":[{"name":"wp","href":"https:\/\/api.w.org\/{rel}","templated":true}]}}