{"id":128,"date":"2018-11-28T16:27:05","date_gmt":"2018-11-28T16:27:05","guid":{"rendered":"http:\/\/forumdeficiencia.guimaraes.pt\/?p=128"},"modified":"2018-11-30T09:23:57","modified_gmt":"2018-11-30T09:23:57","slug":"parceria-com-a-acapo-na-acessibilidade-a-newsletter","status":"publish","type":"post","link":"https:\/\/forumdeficiencia.guimaraes.pt\/?p=128","title":{"rendered":"Parceria com a ACAPO na acessibilidade \u00e0 newsletter"},"content":{"rendered":"<p>A delega\u00e7\u00e3o de Braga da Associa\u00e7\u00e3o dos Cegos e Ambl\u00edopes de Portugal (ACAPO) aceitou juntar-se \u00e0 colabora\u00e7\u00e3o entre a Plural&amp;Singular e a C\u00e2mara Municipal de Guimar\u00e3es para a elabora\u00e7\u00e3o de uma newsletter informativa relativa a iniciativas promovidas pelo F\u00f3rum Municipal das Pessoas com Defici\u00eancia e outras entidades na \u00e1rea da defici\u00eancia.<\/p>\n<p><!--more--><\/p>\n<p>&nbsp;<\/p>\n<p><img loading=\"lazy\" decoding=\"async\" class=\" wp-image-129 alignleft\" src=\"http:\/\/forumdeficiencia.guimaraes.pt\/wp-content\/uploads\/2018\/11\/acapo1-300x156.jpg\" alt=\"ACAPO - Associa\u00e7\u00e3o dos Cegos e Ambl\u00edopes de Portugal\" width=\"416\" height=\"216\" srcset=\"https:\/\/forumdeficiencia.guimaraes.pt\/wp-content\/uploads\/2018\/11\/acapo1-300x156.jpg 300w, https:\/\/forumdeficiencia.guimaraes.pt\/wp-content\/uploads\/2018\/11\/acapo1.jpg 560w\" sizes=\"auto, (max-width: 416px) 100vw, 416px\" \/>A ACAPO, membro deste grupo informal de debate, de consulta e de informa\u00e7\u00e3o, ficou respons\u00e1vel por fazer a an\u00e1lise da acessibilidade comunicacional da newsletter informativa e ser\u00e1 sempre consultada para avaliar todas as alternativas necess\u00e1rias para que este instrumento de comunica\u00e7\u00e3o n\u00e3o tenha barreiras \u00e0 leitura por parte de pessoas com defici\u00eancia visual.<\/p>\n<p>\u201cL\u00ea-se bem o texto, tem-se acesso aos links, consegue-se aceder a tudo. O que eu sugeria era ao n\u00edvel das imagens colocar legenda e se poss\u00edvel alguma descri\u00e7\u00e3o. H\u00e1 aqui imagens que s\u00e3o apresentadas no leitor de ecr\u00e3 como links\u201d descreve o respons\u00e1vel pelo exame \u00e0 newsletter, Eduardo Rito da ACAPO.<\/p>\n<p>Os obst\u00e1culos \u00e0 leitura do boletim informativo por pessoas cegas ou com baixa vis\u00e3o foram corrigidos, mas se quiser reportar algum erro ou barreira que encontre pode faz\u00ea-lo atrav\u00e9s do email forum.municipal.deficiencia@cm-guimaraes.pt . Se estiver a utilizar um computador sem softwares que funcionem como leitores de ecr\u00e3 \u00e9 poss\u00edvel aceder aos conte\u00fados da newsletter utilizando, por exemplo, o browser Internet Explorer. Ao clicar no bot\u00e3o direito do rato e selecionando a op\u00e7\u00e3o \u201cler em voz alta\u201d ter\u00e1 a oportunidade de ouvir as not\u00edcias elaboradas e aceder \u00e0s hiperliga\u00e7\u00f5es relacionadas.<\/p>\n","protected":false},"excerpt":{"rendered":"<p>A delega\u00e7\u00e3o de Braga da Associa\u00e7\u00e3o dos Cegos e Ambl\u00edopes de Portugal (ACAPO) aceitou juntar-se \u00e0 colabora\u00e7\u00e3o entre a Plural&amp;Singular e a C\u00e2mara Municipal de Guimar\u00e3es para a elabora\u00e7\u00e3o de uma newsletter informativa relativa a iniciativas promovidas pelo F\u00f3rum Municipal das Pessoas com Defici\u00eancia e outras entidades na \u00e1rea da defici\u00eancia.<\/p>\n","protected":false},"author":2,"featured_media":129,"comment_status":"open","ping_status":"open","sticky":false,"template":"","format":"standard","meta":{"_monsterinsights_skip_tracking":false,"_monsterinsights_sitenote_active":false,"_monsterinsights_sitenote_note":"","_monsterinsights_sitenote_category":0,"footnotes":""},"categories":[3],"tags":[],"class_list":["post-128","post","type-post","status-publish","format-standard","has-post-thumbnail","hentry","category-noticias"],"_links":{"self":[{"href":"https:\/\/forumdeficiencia.guimaraes.pt\/index.php?rest_route=\/wp\/v2\/posts\/128","targetHints":{"allow":["GET"]}}],"collection":[{"href":"https:\/\/forumdeficiencia.guimaraes.pt\/index.php?rest_route=\/wp\/v2\/posts"}],"about":[{"href":"https:\/\/forumdeficiencia.guimaraes.pt\/index.php?rest_route=\/wp\/v2\/types\/post"}],"author":[{"embeddable":true,"href":"https:\/\/forumdeficiencia.guimaraes.pt\/index.php?rest_route=\/wp\/v2\/users\/2"}],"replies":[{"embeddable":true,"href":"https:\/\/forumdeficiencia.guimaraes.pt\/index.php?rest_route=%2Fwp%2Fv2%2Fcomments&post=128"}],"version-history":[{"count":12,"href":"https:\/\/forumdeficiencia.guimaraes.pt\/index.php?rest_route=\/wp\/v2\/posts\/128\/revisions"}],"predecessor-version":[{"id":141,"href":"https:\/\/forumdeficiencia.guimaraes.pt\/index.php?rest_route=\/wp\/v2\/posts\/128\/revisions\/141"}],"wp:featuredmedia":[{"embeddable":true,"href":"https:\/\/forumdeficiencia.guimaraes.pt\/index.php?rest_route=\/wp\/v2\/media\/129"}],"wp:attachment":[{"href":"https:\/\/forumdeficiencia.guimaraes.pt\/index.php?rest_route=%2Fwp%2Fv2%2Fmedia&parent=128"}],"wp:term":[{"taxonomy":"category","embeddable":true,"href":"https:\/\/forumdeficiencia.guimaraes.pt\/index.php?rest_route=%2Fwp%2Fv2%2Fcategories&post=128"},{"taxonomy":"post_tag","embeddable":true,"href":"https:\/\/forumdeficiencia.guimaraes.pt\/index.php?rest_route=%2Fwp%2Fv2%2Ftags&post=128"}],"curies":[{"name":"wp","href":"https:\/\/api.w.org\/{rel}","templated":true}]}}