{"id":142,"date":"2018-11-28T16:45:45","date_gmt":"2018-11-28T16:45:45","guid":{"rendered":"http:\/\/forumdeficiencia.guimaraes.pt\/?p=142"},"modified":"2018-11-30T09:30:35","modified_gmt":"2018-11-30T09:30:35","slug":"marcelo-rebelo-de-sousa-defende-criacao-do-estatuto-do-cuidador-informal","status":"publish","type":"post","link":"https:\/\/forumdeficiencia.guimaraes.pt\/?p=142","title":{"rendered":"Marcelo Rebelo de Sousa defende cria\u00e7\u00e3o do Estatuto do Cuidador Informal"},"content":{"rendered":"<p>O Presidente da Rep\u00fablica, Marcelo Rebelo de Sousa, defendeu a cria\u00e7\u00e3o do estatuto do cuidador informal, considerando que desta \u00e9 \u201cuma causa que \u00e9 nacional\u201d, conforme se l\u00ea numa mensagem publicada na p\u00e1gina da Presid\u00eancia da Rep\u00fablica a prop\u00f3sito do Dia do Cuidador que se assinalou a 05 de novembro.<\/p>\n<p><!--more--><\/p>\n<div id=\"attachment_143\" style=\"width: 799px\" class=\"wp-caption alignnone\"><img loading=\"lazy\" decoding=\"async\" aria-describedby=\"caption-attachment-143\" class=\"wp-image-143\" src=\"http:\/\/forumdeficiencia.guimaraes.pt\/wp-content\/uploads\/2018\/11\/marcelo-300x103.png\" alt=\"Presidente da Rep\u00fablica, Marcelo Rebelo de Sousa\" width=\"789\" height=\"271\" srcset=\"https:\/\/forumdeficiencia.guimaraes.pt\/wp-content\/uploads\/2018\/11\/marcelo-300x103.png 300w, https:\/\/forumdeficiencia.guimaraes.pt\/wp-content\/uploads\/2018\/11\/marcelo-768x263.png 768w, https:\/\/forumdeficiencia.guimaraes.pt\/wp-content\/uploads\/2018\/11\/marcelo-1024x350.png 1024w, https:\/\/forumdeficiencia.guimaraes.pt\/wp-content\/uploads\/2018\/11\/marcelo.png 1047w\" sizes=\"auto, (max-width: 789px) 100vw, 789px\" \/><p id=\"caption-attachment-143\" class=\"wp-caption-text\">Presidente da Rep\u00fablica, Marcelo Rebelo de Sousa<\/p><\/div>\n<p>\u201c\u00c9 uma causa que o Presidente da Rep\u00fablica sempre defendeu e continuar\u00e1 a defender, at\u00e9 que seja uma realidade\u201d, refere a mensagem de Marcelo Rebelo de Sousa, onde tamb\u00e9m se l\u00ea que \u201co pa\u00eds n\u00e3o pode continuar \u00e0 espera, sob pena de estar a perpetuar um erro imperdo\u00e1vel, confundindo prioridades, atropelando a defesa da dignidade humana\u201d.<\/p>\n<p>Ler mensagem na integra <a href=\"http:\/\/www.presidencia.pt\/?idc=18&amp;idi=154895\">AQUI<\/a><\/p>\n<p>Esta n\u00e3o \u00e9 a primeira vez que o Presidente da Rep\u00fablica torna p\u00fablica a sua opini\u00e3o sobre esta mat\u00e9ria. A 09 de setembro, no encerramento do I Encontro regional de cuidadores informais, em Vila Nova da Cerveira, Marcelo Rebelo de Sousa afirmou, conforme foi noticiado ent\u00e3o pela imprensa nacional, que acredita que at\u00e9 ao final da legislatura ser\u00e1 votado no parlamento a cria\u00e7\u00e3o do Estatuto do Cuidador Informal. O Presidente da Rep\u00fablica considerou que se isso n\u00e3o se verificar ser\u00e1 \u201cum erro imperdo\u00e1vel\u201d.<\/p>\n<p>Recorde-se que o BE, o PCP, o CDS-PP e o PAN j\u00e1 submeteram \u00e0 comiss\u00e3o de Trabalho e Seguran\u00e7a Social diplomas que visam refor\u00e7ar medidas de apoio ao cuidador informal e \u00e0s pessoas em situa\u00e7\u00e3o de depend\u00eancia baixaram. Paralelamente a sociedade civil tem vindo a organizar-se e, em junho foi criada a Associa\u00e7\u00e3o Nacional de Cuidadores Informais.<\/p>\n<p>&nbsp;<\/p>\n","protected":false},"excerpt":{"rendered":"<p>O Presidente da Rep\u00fablica, Marcelo Rebelo de Sousa, defendeu a cria\u00e7\u00e3o do estatuto do cuidador informal, considerando que desta \u00e9 \u201cuma causa que \u00e9 nacional\u201d, conforme se l\u00ea numa mensagem publicada na p\u00e1gina da Presid\u00eancia da Rep\u00fablica a prop\u00f3sito do Dia do Cuidador que se assinalou a 05 de novembro.<\/p>\n","protected":false},"author":2,"featured_media":143,"comment_status":"open","ping_status":"open","sticky":false,"template":"","format":"standard","meta":{"_monsterinsights_skip_tracking":false,"_monsterinsights_sitenote_active":false,"_monsterinsights_sitenote_note":"","_monsterinsights_sitenote_category":0,"footnotes":""},"categories":[3],"tags":[],"class_list":["post-142","post","type-post","status-publish","format-standard","has-post-thumbnail","hentry","category-noticias"],"_links":{"self":[{"href":"https:\/\/forumdeficiencia.guimaraes.pt\/index.php?rest_route=\/wp\/v2\/posts\/142","targetHints":{"allow":["GET"]}}],"collection":[{"href":"https:\/\/forumdeficiencia.guimaraes.pt\/index.php?rest_route=\/wp\/v2\/posts"}],"about":[{"href":"https:\/\/forumdeficiencia.guimaraes.pt\/index.php?rest_route=\/wp\/v2\/types\/post"}],"author":[{"embeddable":true,"href":"https:\/\/forumdeficiencia.guimaraes.pt\/index.php?rest_route=\/wp\/v2\/users\/2"}],"replies":[{"embeddable":true,"href":"https:\/\/forumdeficiencia.guimaraes.pt\/index.php?rest_route=%2Fwp%2Fv2%2Fcomments&post=142"}],"version-history":[{"count":4,"href":"https:\/\/forumdeficiencia.guimaraes.pt\/index.php?rest_route=\/wp\/v2\/posts\/142\/revisions"}],"predecessor-version":[{"id":184,"href":"https:\/\/forumdeficiencia.guimaraes.pt\/index.php?rest_route=\/wp\/v2\/posts\/142\/revisions\/184"}],"wp:featuredmedia":[{"embeddable":true,"href":"https:\/\/forumdeficiencia.guimaraes.pt\/index.php?rest_route=\/wp\/v2\/media\/143"}],"wp:attachment":[{"href":"https:\/\/forumdeficiencia.guimaraes.pt\/index.php?rest_route=%2Fwp%2Fv2%2Fmedia&parent=142"}],"wp:term":[{"taxonomy":"category","embeddable":true,"href":"https:\/\/forumdeficiencia.guimaraes.pt\/index.php?rest_route=%2Fwp%2Fv2%2Fcategories&post=142"},{"taxonomy":"post_tag","embeddable":true,"href":"https:\/\/forumdeficiencia.guimaraes.pt\/index.php?rest_route=%2Fwp%2Fv2%2Ftags&post=142"}],"curies":[{"name":"wp","href":"https:\/\/api.w.org\/{rel}","templated":true}]}}