{"id":159,"date":"2018-11-28T18:01:37","date_gmt":"2018-11-28T18:01:37","guid":{"rendered":"http:\/\/forumdeficiencia.guimaraes.pt\/?p=159"},"modified":"2018-11-30T09:32:37","modified_gmt":"2018-11-30T09:32:37","slug":"xii-caminhada-pessoas-diferentes-direitos-iguais-da-apcg","status":"publish","type":"post","link":"https:\/\/forumdeficiencia.guimaraes.pt\/?p=159","title":{"rendered":"XII Caminhada &#8220;Pessoas Diferentes, Direitos Iguais&#8221; da APCG"},"content":{"rendered":"<p>Em setembro a Associa\u00e7\u00e3o de Paralisia Cerebral de Guimar\u00e3es realizou a XII Caminhada &#8220;Pessoas Diferentes, Direitos Iguais&#8221; que contou com uma multid\u00e3o de participantes que continuam a carimbar esta iniciativa com a palavra sucesso. Em outubro, al\u00e9m de beneficiar de uma campanha de angaria\u00e7\u00e3o de bens, a associa\u00e7\u00e3o teve oportunidade de participar no Guimar\u00e3es noc noc, uma mostra art\u00edstica informal organizada pela associa\u00e7\u00e3o cultural \u00d3 da casa.<\/p>\n<p><!--more--><\/p>\n<div id=\"attachment_160\" style=\"width: 244px\" class=\"wp-caption alignleft\"><img loading=\"lazy\" decoding=\"async\" aria-describedby=\"caption-attachment-160\" class=\"size-medium wp-image-160\" src=\"http:\/\/forumdeficiencia.guimaraes.pt\/wp-content\/uploads\/2018\/11\/caminhada_apcg-234x300.jpg\" alt=\"XII Caminhada &quot;Pessoas Diferentes, Direitos Iguais&quot; da APCG\" width=\"234\" height=\"300\" srcset=\"https:\/\/forumdeficiencia.guimaraes.pt\/wp-content\/uploads\/2018\/11\/caminhada_apcg-234x300.jpg 234w, https:\/\/forumdeficiencia.guimaraes.pt\/wp-content\/uploads\/2018\/11\/caminhada_apcg.jpg 748w\" sizes=\"auto, (max-width: 234px) 100vw, 234px\" \/><p id=\"caption-attachment-160\" class=\"wp-caption-text\">XII Caminhada &#8220;Pessoas Diferentes, Direitos Iguais&#8221; da APCG<\/p><\/div>\n<p>16 de setembro, domingo de manh\u00e3 e ao Campo de S. Mamede acorreram centenas de pessoas para participar na XII Caminhada &#8220;Pessoas Diferentes, Direitos Iguais&#8221;.<br \/>\nA APCG &#8211; Associa\u00e7\u00e3o de Paralisia Cerebral de Guimar\u00e3es, em colabora\u00e7\u00e3o com a C\u00e2mara Municipal de Guimar\u00e3es, a Tempo Livre e o Rotary Club de Guimar\u00e3es, realiza este evento h\u00e1 12 anos. Esta iniciativa anual desdobra-se numa caminhada de cinco quil\u00f3metros, uma mini-maratona de onze e um percurso de cadeira de rodas de 600 metros.<\/p>\n<p>A prova costuma percorrer a cidade at\u00e9 \u00e0 Pista de Atletismo G\u00e9meos Castro, onde os tr\u00eas primeiros classificados da prova de atletismo feminino e masculino recebem os pr\u00e9mios de classifica\u00e7\u00e3o. Todos os participantes tiveram oportunidade tamb\u00e9m em participar no sorteio de um autom\u00f3vel Smart ForTwo.<\/p>\n<p>A APCG promove este evento com o objetivo de sensibilizar a opini\u00e3o p\u00fablica para o direito \u00e0 igualdade e \u00e0 n\u00e3o-discrimina\u00e7\u00e3o, dando tamb\u00e9m alguma notoriedade ao desporto adaptado em Guimar\u00e3es.<\/p>\n<div id=\"attachment_163\" style=\"width: 466px\" class=\"wp-caption alignright\"><img loading=\"lazy\" decoding=\"async\" aria-describedby=\"caption-attachment-163\" class=\" wp-image-163\" src=\"http:\/\/forumdeficiencia.guimaraes.pt\/wp-content\/uploads\/2018\/11\/caminhada_apcg_1.fw_-300x192.png\" alt=\"XII Caminhada &quot;Pessoas Diferentes, Direitos Iguais&quot; da APCG\" width=\"456\" height=\"291\" srcset=\"https:\/\/forumdeficiencia.guimaraes.pt\/wp-content\/uploads\/2018\/11\/caminhada_apcg_1.fw_-300x192.png 300w, https:\/\/forumdeficiencia.guimaraes.pt\/wp-content\/uploads\/2018\/11\/caminhada_apcg_1.fw_-768x492.png 768w, https:\/\/forumdeficiencia.guimaraes.pt\/wp-content\/uploads\/2018\/11\/caminhada_apcg_1.fw_.png 960w\" sizes=\"auto, (max-width: 456px) 100vw, 456px\" \/><p id=\"caption-attachment-163\" class=\"wp-caption-text\">A prova costuma percorrer a cidade at\u00e9 \u00e0 Pista de Atletismo G\u00e9meos Castro, onde os tr\u00eas primeiros classificados da prova de atletismo feminino e masculino recebem os pr\u00e9mios de classifica\u00e7\u00e3o.<\/p><\/div>\n<p>Continuando a dar nota das novidades da associa\u00e7\u00e3o vimaranense em mat\u00e9ria desportiva\u2026 Todas as corridas de grupo dinamizadas no m\u00eas de outubro pelo Corpo Perfeito Health Club tiveram uma motiva\u00e7\u00e3o solid\u00e1ria: doar um bem alimentar ou um produto de higiene \u00e0 APCG.<\/p>\n<p>\u201cComo seria de esperar, a comunidade vimaranense aderiu de forma entusiasta e sol\u00edcita, juntando muitos quilogramas de bens, graciosamente doados \u00e0 APCG. Muito, Muito Obrigado a todos!\u201d, refere a associa\u00e7\u00e3o na p\u00e1gina do Facebook.<\/p>\n<p>\u201cCorre por uma causa\u201d \u00e9 uma iniciativa aberta \u00e0 participa\u00e7\u00e3o de qualquer pessoa. Para isso basta comparecer no gin\u00e1sio da Corpo Perfeito Health Club \u00e0s quintas-feiras, pelas 20h00. A proposta \u00e9 apoiar uma causa solid\u00e1ria enquanto pratica exerc\u00edcio f\u00edsico, propondo-se a contribuir em 12 meses do ano para 12 causas diferentes. Em novembro o apoio \u00e9 dirigido \u00e0 Cercigui.<\/p>\n<p>Os Claustros do convento de Santa Clara receberam a mostra art\u00edstica da APCG que integrou a edi\u00e7\u00e3o deste ano do Guimar\u00e3es noc noc. Quem teve oportunidade de ver a exposi\u00e7\u00e3o que decorreu nos dias 06 e 07 de outubro?<\/p>\n","protected":false},"excerpt":{"rendered":"<p>Em setembro a Associa\u00e7\u00e3o de Paralisia Cerebral de Guimar\u00e3es realizou a XII Caminhada &#8220;Pessoas Diferentes, Direitos Iguais&#8221; que contou com uma multid\u00e3o de participantes que continuam a carimbar esta iniciativa com a palavra sucesso. Em outubro, al\u00e9m de beneficiar de uma campanha de angaria\u00e7\u00e3o de bens, a associa\u00e7\u00e3o teve oportunidade de participar no Guimar\u00e3es noc [&hellip;]<\/p>\n","protected":false},"author":2,"featured_media":163,"comment_status":"open","ping_status":"open","sticky":false,"template":"","format":"standard","meta":{"_monsterinsights_skip_tracking":false,"_monsterinsights_sitenote_active":false,"_monsterinsights_sitenote_note":"","_monsterinsights_sitenote_category":0,"footnotes":""},"categories":[3],"tags":[],"class_list":["post-159","post","type-post","status-publish","format-standard","has-post-thumbnail","hentry","category-noticias"],"_links":{"self":[{"href":"https:\/\/forumdeficiencia.guimaraes.pt\/index.php?rest_route=\/wp\/v2\/posts\/159","targetHints":{"allow":["GET"]}}],"collection":[{"href":"https:\/\/forumdeficiencia.guimaraes.pt\/index.php?rest_route=\/wp\/v2\/posts"}],"about":[{"href":"https:\/\/forumdeficiencia.guimaraes.pt\/index.php?rest_route=\/wp\/v2\/types\/post"}],"author":[{"embeddable":true,"href":"https:\/\/forumdeficiencia.guimaraes.pt\/index.php?rest_route=\/wp\/v2\/users\/2"}],"replies":[{"embeddable":true,"href":"https:\/\/forumdeficiencia.guimaraes.pt\/index.php?rest_route=%2Fwp%2Fv2%2Fcomments&post=159"}],"version-history":[{"count":4,"href":"https:\/\/forumdeficiencia.guimaraes.pt\/index.php?rest_route=\/wp\/v2\/posts\/159\/revisions"}],"predecessor-version":[{"id":185,"href":"https:\/\/forumdeficiencia.guimaraes.pt\/index.php?rest_route=\/wp\/v2\/posts\/159\/revisions\/185"}],"wp:featuredmedia":[{"embeddable":true,"href":"https:\/\/forumdeficiencia.guimaraes.pt\/index.php?rest_route=\/wp\/v2\/media\/163"}],"wp:attachment":[{"href":"https:\/\/forumdeficiencia.guimaraes.pt\/index.php?rest_route=%2Fwp%2Fv2%2Fmedia&parent=159"}],"wp:term":[{"taxonomy":"category","embeddable":true,"href":"https:\/\/forumdeficiencia.guimaraes.pt\/index.php?rest_route=%2Fwp%2Fv2%2Fcategories&post=159"},{"taxonomy":"post_tag","embeddable":true,"href":"https:\/\/forumdeficiencia.guimaraes.pt\/index.php?rest_route=%2Fwp%2Fv2%2Ftags&post=159"}],"curies":[{"name":"wp","href":"https:\/\/api.w.org\/{rel}","templated":true}]}}