{"id":1617,"date":"2020-09-15T18:40:37","date_gmt":"2020-09-15T18:40:37","guid":{"rendered":"http:\/\/forumdeficiencia.guimaraes.pt\/?p=1617"},"modified":"2020-09-16T06:50:03","modified_gmt":"2020-09-16T06:50:03","slug":"semana-internacional-dos-surdos-2020","status":"publish","type":"post","link":"https:\/\/forumdeficiencia.guimaraes.pt\/?p=1617","title":{"rendered":"Semana Internacional dos Surdos 2020"},"content":{"rendered":"<p>&#8220;Reafirmando os Direitos Humanos das Pessoas Surdas&#8221; \u00e9 o tema escolhido para celebrar a Semana Internacional dos Surdos 2020 de 21 a 27 de setembro.<\/p>\n<p><!--more--><\/p>\n<p>Esta iniciativa da Federa\u00e7\u00e3o Mundial dos Surdos (WFD) pretende tamb\u00e9m assinalar o &#8220;Dia Internacional das L\u00ednguas Gestuais&#8221;, que se comemora a 23 de setembro, e para o fazer desafia os l\u00edderes de todo o mundo a assinar a carta da WFD sobre Direitos de L\u00ednguas Gestuais para Todos.<\/p>\n<p>\u201cEste ano, queremos que todas as partes interessadas se unam para endossar a necessidade de garantir e promover os direitos humanos das pessoas surdas! Afirme o seu apoio aos direitos humanos plenos para todas as pessoas surdas, assinando a Carta da WFD sobre Direitos de L\u00edngua de Sinais para Todos!\u201d, pode le-se no site da iniciativa.<\/p>\n<p>Toda a informa\u00e7\u00e3o necess\u00e1ria sobre este &#8220;Desafio do L\u00edder Global!&#8221; pode ser consultada <a href=\"http:\/\/wfdeaf.org\/get-involved\/wfd-events\/international-week-deaf\/internationalweekofthedeaf\/?fbclid=IwAR0WFmKlin6PquMQzCKIVkrgX5V3c6MG1OPsUV5yhXgZghd_7snPpQ-Uh2U\" target=\"_blank\" rel=\"noopener\">AQUI<\/a>.<\/p>\n<p>A Semana Internacional dos Surdos foi lan\u00e7ada pela primeira vez em 1958 em Roma, It\u00e1lia e \u00e9 celebrada anualmente pela comunidade Surda global durante a \u00faltima semana inteira de setembro para comemorar o mesmo m\u00eas em que o primeiro Congresso Mundial da WFD foi realizado.<\/p>\n<p>&nbsp;<\/p>\n","protected":false},"excerpt":{"rendered":"<p>&#8220;Reafirmando os Direitos Humanos das Pessoas Surdas&#8221; \u00e9 o tema escolhido para celebrar a Semana Internacional dos Surdos 2020 de 21 a 27 de setembro.<\/p>\n","protected":false},"author":2,"featured_media":1618,"comment_status":"open","ping_status":"open","sticky":false,"template":"","format":"standard","meta":{"_monsterinsights_skip_tracking":false,"_monsterinsights_sitenote_active":false,"_monsterinsights_sitenote_note":"","_monsterinsights_sitenote_category":0,"footnotes":""},"categories":[3],"tags":[],"class_list":["post-1617","post","type-post","status-publish","format-standard","has-post-thumbnail","hentry","category-noticias"],"_links":{"self":[{"href":"https:\/\/forumdeficiencia.guimaraes.pt\/index.php?rest_route=\/wp\/v2\/posts\/1617","targetHints":{"allow":["GET"]}}],"collection":[{"href":"https:\/\/forumdeficiencia.guimaraes.pt\/index.php?rest_route=\/wp\/v2\/posts"}],"about":[{"href":"https:\/\/forumdeficiencia.guimaraes.pt\/index.php?rest_route=\/wp\/v2\/types\/post"}],"author":[{"embeddable":true,"href":"https:\/\/forumdeficiencia.guimaraes.pt\/index.php?rest_route=\/wp\/v2\/users\/2"}],"replies":[{"embeddable":true,"href":"https:\/\/forumdeficiencia.guimaraes.pt\/index.php?rest_route=%2Fwp%2Fv2%2Fcomments&post=1617"}],"version-history":[{"count":5,"href":"https:\/\/forumdeficiencia.guimaraes.pt\/index.php?rest_route=\/wp\/v2\/posts\/1617\/revisions"}],"predecessor-version":[{"id":1663,"href":"https:\/\/forumdeficiencia.guimaraes.pt\/index.php?rest_route=\/wp\/v2\/posts\/1617\/revisions\/1663"}],"wp:featuredmedia":[{"embeddable":true,"href":"https:\/\/forumdeficiencia.guimaraes.pt\/index.php?rest_route=\/wp\/v2\/media\/1618"}],"wp:attachment":[{"href":"https:\/\/forumdeficiencia.guimaraes.pt\/index.php?rest_route=%2Fwp%2Fv2%2Fmedia&parent=1617"}],"wp:term":[{"taxonomy":"category","embeddable":true,"href":"https:\/\/forumdeficiencia.guimaraes.pt\/index.php?rest_route=%2Fwp%2Fv2%2Fcategories&post=1617"},{"taxonomy":"post_tag","embeddable":true,"href":"https:\/\/forumdeficiencia.guimaraes.pt\/index.php?rest_route=%2Fwp%2Fv2%2Ftags&post=1617"}],"curies":[{"name":"wp","href":"https:\/\/api.w.org\/{rel}","templated":true}]}}