{"id":167,"date":"2018-11-28T18:07:03","date_gmt":"2018-11-28T18:07:03","guid":{"rendered":"http:\/\/forumdeficiencia.guimaraes.pt\/?p=167"},"modified":"2018-11-30T09:32:23","modified_gmt":"2018-11-30T09:32:23","slug":"aniversario-do-alecrim-todos-por-uma-causa-todos-pela-deficiencia","status":"publish","type":"post","link":"https:\/\/forumdeficiencia.guimaraes.pt\/?p=167","title":{"rendered":"Anivers\u00e1rio do ALECRIM: \u201cTodos por uma Causa, Todos Pela Defici\u00eancia\u201d"},"content":{"rendered":"<p>O Multiusos voltou a acolher a 6.\u00aa edi\u00e7\u00e3o de \u201cTodos por uma Causa, Todos Pela Defici\u00eancia\u201d que, este ano, teve como tema \u201cProfissional por um dia\u201d.<\/p>\n<p><!--more--><\/p>\n<p><img loading=\"lazy\" decoding=\"async\" class=\"wp-image-168 alignright\" src=\"http:\/\/forumdeficiencia.guimaraes.pt\/wp-content\/uploads\/2018\/11\/Todos-por-uma-Causa-Todos-Pela-Defici\u00eancia-214x300.png\" alt=\"\" width=\"290\" height=\"406\" srcset=\"https:\/\/forumdeficiencia.guimaraes.pt\/wp-content\/uploads\/2018\/11\/Todos-por-uma-Causa-Todos-Pela-Defici\u00eancia-214x300.png 214w, https:\/\/forumdeficiencia.guimaraes.pt\/wp-content\/uploads\/2018\/11\/Todos-por-uma-Causa-Todos-Pela-Defici\u00eancia.png 464w\" sizes=\"auto, (max-width: 290px) 100vw, 290px\" \/>Esta iniciativa promovida pelo ALECRIM &#8211; Lar Residencial e Centro de Atividades Ocupacionais da Santa Casa da Miseric\u00f3rdia de Guimar\u00e3es proporcionou aos cerca de 500 participantes, provenientes de diversas institui\u00e7\u00f5es vimaranenses e da regi\u00e3o, a oportunidade de conhecer e experimentar v\u00e1rias profiss\u00f5es diferentes \u00e0 sua escolha.<\/p>\n<p>O dia, dedicado \u00e0 alegria e \u00e0 partilha, terminou com um bolo de anivers\u00e1rio para cantar os parab\u00e9ns ao ALECRIM &#8211; um centro de apoio ocupacional com um lar residencial, localizado nas instala\u00e7\u00f5es do antigo Hospital de Santo Ant\u00f3nio dos Capuchos, que foi inaugurado em 1993.<\/p>\n<p>No final, em jeito de lembran\u00e7a, todos levaram um vaso com alecrim para plantarem em casa.<\/p>\n","protected":false},"excerpt":{"rendered":"<p>O Multiusos voltou a acolher a 6.\u00aa edi\u00e7\u00e3o de \u201cTodos por uma Causa, Todos Pela Defici\u00eancia\u201d que, este ano, teve como tema \u201cProfissional por um dia\u201d.<\/p>\n","protected":false},"author":2,"featured_media":168,"comment_status":"open","ping_status":"open","sticky":false,"template":"","format":"standard","meta":{"_monsterinsights_skip_tracking":false,"_monsterinsights_sitenote_active":false,"_monsterinsights_sitenote_note":"","_monsterinsights_sitenote_category":0,"footnotes":""},"categories":[3],"tags":[],"class_list":["post-167","post","type-post","status-publish","format-standard","has-post-thumbnail","hentry","category-noticias"],"_links":{"self":[{"href":"https:\/\/forumdeficiencia.guimaraes.pt\/index.php?rest_route=\/wp\/v2\/posts\/167","targetHints":{"allow":["GET"]}}],"collection":[{"href":"https:\/\/forumdeficiencia.guimaraes.pt\/index.php?rest_route=\/wp\/v2\/posts"}],"about":[{"href":"https:\/\/forumdeficiencia.guimaraes.pt\/index.php?rest_route=\/wp\/v2\/types\/post"}],"author":[{"embeddable":true,"href":"https:\/\/forumdeficiencia.guimaraes.pt\/index.php?rest_route=\/wp\/v2\/users\/2"}],"replies":[{"embeddable":true,"href":"https:\/\/forumdeficiencia.guimaraes.pt\/index.php?rest_route=%2Fwp%2Fv2%2Fcomments&post=167"}],"version-history":[{"count":8,"href":"https:\/\/forumdeficiencia.guimaraes.pt\/index.php?rest_route=\/wp\/v2\/posts\/167\/revisions"}],"predecessor-version":[{"id":183,"href":"https:\/\/forumdeficiencia.guimaraes.pt\/index.php?rest_route=\/wp\/v2\/posts\/167\/revisions\/183"}],"wp:featuredmedia":[{"embeddable":true,"href":"https:\/\/forumdeficiencia.guimaraes.pt\/index.php?rest_route=\/wp\/v2\/media\/168"}],"wp:attachment":[{"href":"https:\/\/forumdeficiencia.guimaraes.pt\/index.php?rest_route=%2Fwp%2Fv2%2Fmedia&parent=167"}],"wp:term":[{"taxonomy":"category","embeddable":true,"href":"https:\/\/forumdeficiencia.guimaraes.pt\/index.php?rest_route=%2Fwp%2Fv2%2Fcategories&post=167"},{"taxonomy":"post_tag","embeddable":true,"href":"https:\/\/forumdeficiencia.guimaraes.pt\/index.php?rest_route=%2Fwp%2Fv2%2Ftags&post=167"}],"curies":[{"name":"wp","href":"https:\/\/api.w.org\/{rel}","templated":true}]}}