{"id":201,"date":"2018-12-17T12:26:48","date_gmt":"2018-12-17T12:26:48","guid":{"rendered":"http:\/\/forumdeficiencia.guimaraes.pt\/?p=201"},"modified":"2018-12-17T21:17:31","modified_gmt":"2018-12-17T21:17:31","slug":"agenda-mensal-15dez-15jan","status":"publish","type":"post","link":"https:\/\/forumdeficiencia.guimaraes.pt\/?p=201","title":{"rendered":"Agenda mensal (15dez\/15jan)"},"content":{"rendered":"<p>Ajude-nos a completar a agenda mensal. Envie-nos os eventos que se realizam na \u00e1rea da defici\u00eancia no concelho de Guimar\u00e3es, na regi\u00e3o e no pa\u00eds para o email\u00a0<a href=\"mailto:forum.municipal.deficiencia@cm-guimaraes.pt\">forum.municipal.deficiencia@cm-guimaraes.pt<\/a><\/p>\n<p><!--more--><\/p>\n<p><strong>O qu\u00ea?<\/strong> 4.\u00ba Conv\u00edvio dos participantes das sess\u00f5es de grupo do projeto \u201cN\u00f3s, os cuidadores\u201d da Plural&amp;Singular<br \/>\n<strong>Quando?<\/strong> 21 de dezembro, a partir das 14h30<br \/>\n<strong>Onde?<\/strong> Associa\u00e7\u00e3o Conv\u00edvio, em Guimar\u00e3es<br \/>\n<strong>Mais\u2026<\/strong> A inten\u00e7\u00e3o desta confraterniza\u00e7\u00e3o \u00e9 juntar todos os participantes nas sess\u00f5es dos v\u00e1rios grupos criados at\u00e9 ao momento no \u00e2mbito deste projeto da Plural&amp;Singular, a marca gerida pelo Palavras Infinitas \u2013 N\u00facleo de Inclus\u00e3o, Comunica\u00e7\u00e3o e Media.<\/p>\n<p><strong>O qu\u00ea?<\/strong> Programa Nacional de Financiamento a Projetos pelo INR, I.P. 2019<br \/>\n<strong>Quando?<\/strong> At\u00e9 26 de dezembro de 2018<br \/>\n<strong>Onde?<\/strong> Online em <a href=\"https:\/\/app.seg-social.pt\/ong\/\">https:\/\/app.seg-social.pt\/ong\/<\/a><br \/>\n<strong>Mais\u2026<\/strong> Para efeitos de candidatura consulte o Regulamento, o Regulamento Anotado e os Crit\u00e9rios de Avalia\u00e7\u00e3o e Pondera\u00e7\u00e3o, a Delibera\u00e7\u00e3o do Conselho Diretivo n\u00ba 21\/2018, de 14 de novembro, que define as \u00e1reas priorit\u00e1rias, os limites de financiamento e a dura\u00e7\u00e3o dos projetos. O J\u00fari estar\u00e1 dispon\u00edvel para todos os esclarecimentos, os quais dever\u00e3o ser solicitados por escrito at\u00e9 ao dia 18 de dezembro de 2018 atrav\u00e9s do email: inr-projetos2019@inr.mtsss.pt<\/p>\n<p><strong>O qu\u00ea?<\/strong> Cantar dos Reis<br \/>\n<strong>Quando?<\/strong>\u00a0Janeiro (data a definir)<br \/>\n<strong>Onde?<\/strong> Na escola B\u00e1sica de Aba\u00e7\u00e3o, na freguesia de Aba\u00e7\u00e3o e no Lar de S. Francisco de Calvos<br \/>\n<strong>Mais\u2026<\/strong>com a presen\u00e7a da popula\u00e7\u00e3o s\u00e9nior do Lar de Calvos, alunos da Educa\u00e7\u00e3o Inclusiva, alunos solid\u00e1rios, professores e Assistentes Operacionais.<\/p>\n<p><strong>O qu\u00ea?<\/strong> Concerto de Reis<br \/>\n<strong>Quando?<\/strong>\u00a0Janeiro (data a definir)<br \/>\n<strong>Onde?<\/strong> Naigreja de S. Francisco, Guimar\u00e3es<br \/>\n<strong>Mais\u2026<\/strong>com a presen\u00e7a da popula\u00e7\u00e3o s\u00e9nior do Lar de Calvos e de Guimar\u00e3es, alunos da Educa\u00e7\u00e3o Inclusiva, alunos solid\u00e1rios, professores e Assistentes Operacionais.<\/p>\n<p><strong>O qu\u00ea?<\/strong> Semin\u00e1rio \u201cO Livro Braille \u2013 Linhas e pontos na Era Digital\u201d<br \/>\n<strong>Quando?<\/strong> 11 de janeiro, das 10h30 \u00e0s 17h30<br \/>\n<strong>Onde?<\/strong> Audit\u00f3rio do Departamento de Engenharia Civil da Universidade de Coimbra &#8211; Rua Lu\u00eds Reis Santos &#8211; P\u00f3lo II, Coimbra<br \/>\n<strong>Mais\u2026<\/strong> Para comemorar o Dia Mundial do Braille. Ficha de inscri\u00e7\u00e3o <a href=\"https:\/\/docs.google.com\/forms\/d\/e\/1FAIpQLScAnv7Yr8R2oJDcRwiBCnK3xxqGcrueBJ7IieLcBXzodoDPuw\/viewform\">AQUI<\/a><\/p>\n","protected":false},"excerpt":{"rendered":"<p>Ajude-nos a completar a agenda mensal. Envie-nos os eventos que se realizam na \u00e1rea da defici\u00eancia no concelho de Guimar\u00e3es, na regi\u00e3o e no pa\u00eds para o email\u00a0forum.municipal.deficiencia@cm-guimaraes.pt<\/p>\n","protected":false},"author":2,"featured_media":189,"comment_status":"open","ping_status":"open","sticky":false,"template":"","format":"standard","meta":{"_monsterinsights_skip_tracking":false,"_monsterinsights_sitenote_active":false,"_monsterinsights_sitenote_note":"","_monsterinsights_sitenote_category":0,"footnotes":""},"categories":[4],"tags":[],"class_list":["post-201","post","type-post","status-publish","format-standard","has-post-thumbnail","hentry","category-eventos"],"_links":{"self":[{"href":"https:\/\/forumdeficiencia.guimaraes.pt\/index.php?rest_route=\/wp\/v2\/posts\/201","targetHints":{"allow":["GET"]}}],"collection":[{"href":"https:\/\/forumdeficiencia.guimaraes.pt\/index.php?rest_route=\/wp\/v2\/posts"}],"about":[{"href":"https:\/\/forumdeficiencia.guimaraes.pt\/index.php?rest_route=\/wp\/v2\/types\/post"}],"author":[{"embeddable":true,"href":"https:\/\/forumdeficiencia.guimaraes.pt\/index.php?rest_route=\/wp\/v2\/users\/2"}],"replies":[{"embeddable":true,"href":"https:\/\/forumdeficiencia.guimaraes.pt\/index.php?rest_route=%2Fwp%2Fv2%2Fcomments&post=201"}],"version-history":[{"count":2,"href":"https:\/\/forumdeficiencia.guimaraes.pt\/index.php?rest_route=\/wp\/v2\/posts\/201\/revisions"}],"predecessor-version":[{"id":206,"href":"https:\/\/forumdeficiencia.guimaraes.pt\/index.php?rest_route=\/wp\/v2\/posts\/201\/revisions\/206"}],"wp:featuredmedia":[{"embeddable":true,"href":"https:\/\/forumdeficiencia.guimaraes.pt\/index.php?rest_route=\/wp\/v2\/media\/189"}],"wp:attachment":[{"href":"https:\/\/forumdeficiencia.guimaraes.pt\/index.php?rest_route=%2Fwp%2Fv2%2Fmedia&parent=201"}],"wp:term":[{"taxonomy":"category","embeddable":true,"href":"https:\/\/forumdeficiencia.guimaraes.pt\/index.php?rest_route=%2Fwp%2Fv2%2Fcategories&post=201"},{"taxonomy":"post_tag","embeddable":true,"href":"https:\/\/forumdeficiencia.guimaraes.pt\/index.php?rest_route=%2Fwp%2Fv2%2Ftags&post=201"}],"curies":[{"name":"wp","href":"https:\/\/api.w.org\/{rel}","templated":true}]}}