{"id":2243,"date":"2022-11-16T18:20:11","date_gmt":"2022-11-16T18:20:11","guid":{"rendered":"http:\/\/forumdeficiencia.guimaraes.pt\/?p=2243"},"modified":"2022-11-16T18:34:04","modified_gmt":"2022-11-16T18:34:04","slug":"apresentacao-do-relatorio-pessoas-com-deficiencia-em-portugal-indicadores-de-direitos-humanos-2022","status":"publish","type":"post","link":"https:\/\/forumdeficiencia.guimaraes.pt\/?p=2243","title":{"rendered":"Apresenta\u00e7\u00e3o do relat\u00f3rio \u201cPessoas com Defici\u00eancia em Portugal \u2013 Indicadores de Direitos Humanos 2022\u201d"},"content":{"rendered":"<p>A 13 de dezembro o Observat\u00f3rio da Defici\u00eancia e Direitos Humanos (ODDH\/ISCSP) apresenta o relat\u00f3rio \u2018Pessoas com Defici\u00eancia em Portugal \u2013 Indicadores de Direitos Humanos 2022\u2019 que agrega informa\u00e7\u00e3o estat\u00edstica sobre defici\u00eancia em Portugal nas \u00e1reas da discrimina\u00e7\u00e3o, educa\u00e7\u00e3o, trabalho e emprego, e prote\u00e7\u00e3o social e condi\u00e7\u00f5es de vida.<\/p>\n<p><!--more--><\/p>\n<p>Trata-se da sexta edi\u00e7\u00e3o de um relat\u00f3rio que sistematiza onforma\u00e7\u00e3o a partir de fontes secund\u00e1rias e que pode ser conhecido no<a href=\"http:\/\/oddh.iscsp.ulisboa.pt\/index.php\/pt\/mediateca\/eventos\/item\/590-inscricoes_vi_encontro\"> VI Encontro ODDH \u2013 &#8220;Rompendo a invisibilidade: Falar de direitos humanos de raparigas e mulheres com defici\u00eancia&#8221;<\/a> que se realiza entre as 10h00 e as 13h00 no ISCSP &#8211; Instituto Superior de Ci\u00eancias Sociais e Pol\u00edticas da Universidade de Lisboa e por videoconfer\u00eancia via Zoom.<\/p>\n<p>O ODDH com esta iniciativa pretende abordar o tema dos direitos de raparigas e mulheres com defici\u00eancia, que igualmente t\u00eam tido menor visibilidade e aten\u00e7\u00e3o p\u00fablica.<\/p>\n<p>A participa\u00e7\u00e3o \u00e9 livre, mas a inscri\u00e7\u00e3o \u00e9 obrigat\u00f3ria e deve ser efetuada <a href=\"https:\/\/docs.google.com\/forms\/u\/0\/d\/e\/1FAIpQLSdSaanwoZRzVQzF8RvCcsXwUhKqTbDMZQfM-jtb_aliWAd6ig\/formResponse\">AQUI<\/a><\/p>\n<p>&nbsp;<\/p>\n<p>&nbsp;<\/p>\n","protected":false},"excerpt":{"rendered":"<p>A 13 de dezembro o Observat\u00f3rio da Defici\u00eancia e Direitos Humanos (ODDH\/ISCSP) apresenta o relat\u00f3rio \u2018Pessoas com Defici\u00eancia em Portugal \u2013 Indicadores de Direitos Humanos 2022\u2019 que agrega informa\u00e7\u00e3o estat\u00edstica sobre defici\u00eancia em Portugal nas \u00e1reas da discrimina\u00e7\u00e3o, educa\u00e7\u00e3o, trabalho e emprego, e prote\u00e7\u00e3o social e condi\u00e7\u00f5es de vida.<\/p>\n","protected":false},"author":2,"featured_media":2257,"comment_status":"open","ping_status":"open","sticky":false,"template":"","format":"standard","meta":{"_monsterinsights_skip_tracking":false,"_monsterinsights_sitenote_active":false,"_monsterinsights_sitenote_note":"","_monsterinsights_sitenote_category":0,"footnotes":""},"categories":[3],"tags":[],"class_list":["post-2243","post","type-post","status-publish","format-standard","has-post-thumbnail","hentry","category-noticias"],"_links":{"self":[{"href":"https:\/\/forumdeficiencia.guimaraes.pt\/index.php?rest_route=\/wp\/v2\/posts\/2243","targetHints":{"allow":["GET"]}}],"collection":[{"href":"https:\/\/forumdeficiencia.guimaraes.pt\/index.php?rest_route=\/wp\/v2\/posts"}],"about":[{"href":"https:\/\/forumdeficiencia.guimaraes.pt\/index.php?rest_route=\/wp\/v2\/types\/post"}],"author":[{"embeddable":true,"href":"https:\/\/forumdeficiencia.guimaraes.pt\/index.php?rest_route=\/wp\/v2\/users\/2"}],"replies":[{"embeddable":true,"href":"https:\/\/forumdeficiencia.guimaraes.pt\/index.php?rest_route=%2Fwp%2Fv2%2Fcomments&post=2243"}],"version-history":[{"count":1,"href":"https:\/\/forumdeficiencia.guimaraes.pt\/index.php?rest_route=\/wp\/v2\/posts\/2243\/revisions"}],"predecessor-version":[{"id":2244,"href":"https:\/\/forumdeficiencia.guimaraes.pt\/index.php?rest_route=\/wp\/v2\/posts\/2243\/revisions\/2244"}],"wp:featuredmedia":[{"embeddable":true,"href":"https:\/\/forumdeficiencia.guimaraes.pt\/index.php?rest_route=\/wp\/v2\/media\/2257"}],"wp:attachment":[{"href":"https:\/\/forumdeficiencia.guimaraes.pt\/index.php?rest_route=%2Fwp%2Fv2%2Fmedia&parent=2243"}],"wp:term":[{"taxonomy":"category","embeddable":true,"href":"https:\/\/forumdeficiencia.guimaraes.pt\/index.php?rest_route=%2Fwp%2Fv2%2Fcategories&post=2243"},{"taxonomy":"post_tag","embeddable":true,"href":"https:\/\/forumdeficiencia.guimaraes.pt\/index.php?rest_route=%2Fwp%2Fv2%2Ftags&post=2243"}],"curies":[{"name":"wp","href":"https:\/\/api.w.org\/{rel}","templated":true}]}}