{"id":2245,"date":"2022-11-16T18:22:21","date_gmt":"2022-11-16T18:22:21","guid":{"rendered":"http:\/\/forumdeficiencia.guimaraes.pt\/?p=2245"},"modified":"2022-11-16T18:28:53","modified_gmt":"2022-11-16T18:28:53","slug":"webinars-gratuitos-de-apoio-a-gestao-do-terceiro-setor","status":"publish","type":"post","link":"https:\/\/forumdeficiencia.guimaraes.pt\/?p=2245","title":{"rendered":"Webinars gratuitos de apoio \u00e0 gest\u00e3o do terceiro setor"},"content":{"rendered":"<p>Marketing e Comunica\u00e7\u00e3o no Terceiro Setor \u00e9 o tema para o primeiro ciclo de webinars promovidos pela PwC Portugal nos dias 22, 25 e 26 de novembro.<\/p>\n<p><!--more--><\/p>\n<p>Este programa gratuito de partilha de conhecimento no \u00e2mbito das compet\u00eancias de gest\u00e3o dirigido a institui\u00e7\u00f5es do terceiro setor inclui, nos pr\u00f3ximos meses, tem\u00e1ticas como gest\u00e3o de projetos (janeiro), candidaturas a fundos e incentivos (fevereiro), lideran\u00e7a (mar\u00e7o), ODS e Sustentabilidade (abril) e Excel (maio).<\/p>\n<p>As sess\u00f5es da <a href=\"https:\/\/www.pwc.pt\/pt\/quem-somos\/responsabilidadesocialcorporativa\/comunidade\/basics-for-social\/detalhes-e-programa.html\">2.\u00aa edi\u00e7\u00e3o do Basics For Social<\/a> implicam inscri\u00e7\u00f5es isoladas que ficam dispon\u00edveis com um m\u00eas de anteced\u00eancia \u00e0 data dos webinars.<\/p>\n<p>As inscri\u00e7\u00f5es para o ciclo de webinars sobre \u201cMarketing e Comunica\u00e7\u00e3o no Terceiro Setor\u201d j\u00e1 se encontram abertas atrav\u00e9s do preenchimento do formul\u00e1rio dispon\u00edvel <a href=\"https:\/\/docs.google.com\/forms\/d\/e\/1FAIpQLSfBtEmjlY60RpsewKWiIyTnKg-D0ZvUFeTqmo5gN33v9_qTsw\/viewform\">AQUI.<\/a><\/p>\n<p>&nbsp;<\/p>\n<p>&nbsp;<\/p>\n","protected":false},"excerpt":{"rendered":"<p>Marketing e Comunica\u00e7\u00e3o no Terceiro Setor \u00e9 o tema para o primeiro ciclo de webinars promovidos pela PwC Portugal nos dias 22, 25 e 26 de novembro.<\/p>\n","protected":false},"author":2,"featured_media":2247,"comment_status":"open","ping_status":"open","sticky":false,"template":"","format":"standard","meta":{"_monsterinsights_skip_tracking":false,"_monsterinsights_sitenote_active":false,"_monsterinsights_sitenote_note":"","_monsterinsights_sitenote_category":0,"footnotes":""},"categories":[3],"tags":[],"class_list":["post-2245","post","type-post","status-publish","format-standard","has-post-thumbnail","hentry","category-noticias"],"_links":{"self":[{"href":"https:\/\/forumdeficiencia.guimaraes.pt\/index.php?rest_route=\/wp\/v2\/posts\/2245","targetHints":{"allow":["GET"]}}],"collection":[{"href":"https:\/\/forumdeficiencia.guimaraes.pt\/index.php?rest_route=\/wp\/v2\/posts"}],"about":[{"href":"https:\/\/forumdeficiencia.guimaraes.pt\/index.php?rest_route=\/wp\/v2\/types\/post"}],"author":[{"embeddable":true,"href":"https:\/\/forumdeficiencia.guimaraes.pt\/index.php?rest_route=\/wp\/v2\/users\/2"}],"replies":[{"embeddable":true,"href":"https:\/\/forumdeficiencia.guimaraes.pt\/index.php?rest_route=%2Fwp%2Fv2%2Fcomments&post=2245"}],"version-history":[{"count":1,"href":"https:\/\/forumdeficiencia.guimaraes.pt\/index.php?rest_route=\/wp\/v2\/posts\/2245\/revisions"}],"predecessor-version":[{"id":2246,"href":"https:\/\/forumdeficiencia.guimaraes.pt\/index.php?rest_route=\/wp\/v2\/posts\/2245\/revisions\/2246"}],"wp:featuredmedia":[{"embeddable":true,"href":"https:\/\/forumdeficiencia.guimaraes.pt\/index.php?rest_route=\/wp\/v2\/media\/2247"}],"wp:attachment":[{"href":"https:\/\/forumdeficiencia.guimaraes.pt\/index.php?rest_route=%2Fwp%2Fv2%2Fmedia&parent=2245"}],"wp:term":[{"taxonomy":"category","embeddable":true,"href":"https:\/\/forumdeficiencia.guimaraes.pt\/index.php?rest_route=%2Fwp%2Fv2%2Fcategories&post=2245"},{"taxonomy":"post_tag","embeddable":true,"href":"https:\/\/forumdeficiencia.guimaraes.pt\/index.php?rest_route=%2Fwp%2Fv2%2Ftags&post=2245"}],"curies":[{"name":"wp","href":"https:\/\/api.w.org\/{rel}","templated":true}]}}