{"id":2286,"date":"2022-12-15T16:50:28","date_gmt":"2022-12-15T16:50:28","guid":{"rendered":"http:\/\/forumdeficiencia.guimaraes.pt\/?p=2286"},"modified":"2022-12-15T16:50:28","modified_gmt":"2022-12-15T16:50:28","slug":"alecrim-espetaculo-rei-leao-no-ikigai","status":"publish","type":"post","link":"https:\/\/forumdeficiencia.guimaraes.pt\/?p=2286","title":{"rendered":"Alecrim: espet\u00e1culo &#8220;Rei Le\u00e3o&#8221; n\u2019O IKIGAI"},"content":{"rendered":"<p>Os clientes do centro de atividades ocupacionais e lar residencial Alecrim, val\u00eancia da Santa Casa da Miseric\u00f3rdia que presta servi\u00e7os \u00e0s pessoas com defici\u00eancia, tiveram sala cheia para a realiza\u00e7\u00e3o do espet\u00e1culo &#8220;Rei Le\u00e3o&#8221; no O IKIGAI, um espa\u00e7o de anima\u00e7\u00e3o infantil.<\/p>\n<p><!--more--><\/p>\n<p>Conforme atesta uma publica\u00e7\u00e3o nas redes sociais da Santa Casa da Miseric\u00f3rdia protagonizou-se um momento em que \u201ca solidariedade, a inclus\u00e3o, a entreajuda e a uni\u00e3o foram essenciais para que tudo fosse perfeito\u201d.<\/p>\n","protected":false},"excerpt":{"rendered":"<p>Os clientes do centro de atividades ocupacionais e lar residencial Alecrim, val\u00eancia da Santa Casa da Miseric\u00f3rdia que presta servi\u00e7os \u00e0s pessoas com defici\u00eancia, tiveram sala cheia para a realiza\u00e7\u00e3o do espet\u00e1culo &#8220;Rei Le\u00e3o&#8221; no O IKIGAI, um espa\u00e7o de anima\u00e7\u00e3o infantil.<\/p>\n","protected":false},"author":2,"featured_media":2287,"comment_status":"open","ping_status":"open","sticky":false,"template":"","format":"standard","meta":{"_monsterinsights_skip_tracking":false,"_monsterinsights_sitenote_active":false,"_monsterinsights_sitenote_note":"","_monsterinsights_sitenote_category":0,"footnotes":""},"categories":[3],"tags":[],"class_list":["post-2286","post","type-post","status-publish","format-standard","has-post-thumbnail","hentry","category-noticias"],"_links":{"self":[{"href":"https:\/\/forumdeficiencia.guimaraes.pt\/index.php?rest_route=\/wp\/v2\/posts\/2286","targetHints":{"allow":["GET"]}}],"collection":[{"href":"https:\/\/forumdeficiencia.guimaraes.pt\/index.php?rest_route=\/wp\/v2\/posts"}],"about":[{"href":"https:\/\/forumdeficiencia.guimaraes.pt\/index.php?rest_route=\/wp\/v2\/types\/post"}],"author":[{"embeddable":true,"href":"https:\/\/forumdeficiencia.guimaraes.pt\/index.php?rest_route=\/wp\/v2\/users\/2"}],"replies":[{"embeddable":true,"href":"https:\/\/forumdeficiencia.guimaraes.pt\/index.php?rest_route=%2Fwp%2Fv2%2Fcomments&post=2286"}],"version-history":[{"count":1,"href":"https:\/\/forumdeficiencia.guimaraes.pt\/index.php?rest_route=\/wp\/v2\/posts\/2286\/revisions"}],"predecessor-version":[{"id":2288,"href":"https:\/\/forumdeficiencia.guimaraes.pt\/index.php?rest_route=\/wp\/v2\/posts\/2286\/revisions\/2288"}],"wp:featuredmedia":[{"embeddable":true,"href":"https:\/\/forumdeficiencia.guimaraes.pt\/index.php?rest_route=\/wp\/v2\/media\/2287"}],"wp:attachment":[{"href":"https:\/\/forumdeficiencia.guimaraes.pt\/index.php?rest_route=%2Fwp%2Fv2%2Fmedia&parent=2286"}],"wp:term":[{"taxonomy":"category","embeddable":true,"href":"https:\/\/forumdeficiencia.guimaraes.pt\/index.php?rest_route=%2Fwp%2Fv2%2Fcategories&post=2286"},{"taxonomy":"post_tag","embeddable":true,"href":"https:\/\/forumdeficiencia.guimaraes.pt\/index.php?rest_route=%2Fwp%2Fv2%2Ftags&post=2286"}],"curies":[{"name":"wp","href":"https:\/\/api.w.org\/{rel}","templated":true}]}}