{"id":2373,"date":"2023-01-16T20:09:38","date_gmt":"2023-01-16T20:09:38","guid":{"rendered":"http:\/\/forumdeficiencia.guimaraes.pt\/?p=2373"},"modified":"2023-01-16T20:09:38","modified_gmt":"2023-01-16T20:09:38","slug":"congresso-comunicar-2023-17-de-fevereiro","status":"publish","type":"post","link":"https:\/\/forumdeficiencia.guimaraes.pt\/?p=2373","title":{"rendered":"Congresso &#8220;Comunicar 2023&#8221;: 17 de fevereiro"},"content":{"rendered":"<p>O <a href=\"https:\/\/www.facebook.com\/anditec.tecnologiasdereabilitacao\">Congresso \u201cCOMUNICAR 2023\u201d<\/a>, que ter\u00e1 lugar no dia 17 de fevereiro, no F\u00f3rum Picoas, em Lisboa, \u00e9 de participa\u00e7\u00e3o gratuita mas de inscri\u00e7\u00e3o obrigat\u00f3ria.<\/p>\n<p><!--more--><\/p>\n<p>Organizado pela ANDITEC, no \u00e2mbito das atividades de forma\u00e7\u00e3o especializada que desenvolve na \u00e1rea das Tecnologias de Apoio (TA) para Necessidades Complexas de Comunica\u00e7\u00e3o (NCC \/ Comunica\u00e7\u00e3o Aumentativa), o evento contar\u00e1 com a presen\u00e7a, como orador principal, do terapeuta da fala do Children\u00b4s Boston Hospital dos EUA, John Costello, uma autoridade a n\u00edvel mundial no campo da Comunica\u00e7\u00e3o Aumentativa, que abordar\u00e1 o tema \u201cRe-Defining AAC Assessment and Invervention for People with ALS: We Are Starting Too Late\u201d. Esta Comunica\u00e7\u00e3o ser\u00e1 em ingl\u00eas n\u00e3o havendo lugar a tradu\u00e7\u00e3o.<\/p>\n<p>Inscri\u00e7\u00f5es <a href=\"https:\/\/docs.google.com\/forms\/d\/e\/1FAIpQLSe7KG2rgv3Whj8DSyLCGWtzF1MQ-Ccd3Paq5bodZjLGLcgG1A\/viewform?fbclid=IwAR2GxF9mgeOl2CBf-xbwb0ymy59Em6zlR4AXmckHAGC1EZ1Hsujf95rB_CU\">AQUI<\/a><\/p>\n<p>&nbsp;<\/p>\n<p>&nbsp;<\/p>\n<p>&nbsp;<\/p>\n<p>&nbsp;<\/p>\n<p>&nbsp;<\/p>\n","protected":false},"excerpt":{"rendered":"<p>O Congresso \u201cCOMUNICAR 2023\u201d, que ter\u00e1 lugar no dia 17 de fevereiro, no F\u00f3rum Picoas, em Lisboa, \u00e9 de participa\u00e7\u00e3o gratuita mas de inscri\u00e7\u00e3o obrigat\u00f3ria.<\/p>\n","protected":false},"author":2,"featured_media":2374,"comment_status":"open","ping_status":"open","sticky":false,"template":"","format":"standard","meta":{"_monsterinsights_skip_tracking":false,"_monsterinsights_sitenote_active":false,"_monsterinsights_sitenote_note":"","_monsterinsights_sitenote_category":0,"footnotes":""},"categories":[3],"tags":[],"class_list":["post-2373","post","type-post","status-publish","format-standard","has-post-thumbnail","hentry","category-noticias"],"_links":{"self":[{"href":"https:\/\/forumdeficiencia.guimaraes.pt\/index.php?rest_route=\/wp\/v2\/posts\/2373","targetHints":{"allow":["GET"]}}],"collection":[{"href":"https:\/\/forumdeficiencia.guimaraes.pt\/index.php?rest_route=\/wp\/v2\/posts"}],"about":[{"href":"https:\/\/forumdeficiencia.guimaraes.pt\/index.php?rest_route=\/wp\/v2\/types\/post"}],"author":[{"embeddable":true,"href":"https:\/\/forumdeficiencia.guimaraes.pt\/index.php?rest_route=\/wp\/v2\/users\/2"}],"replies":[{"embeddable":true,"href":"https:\/\/forumdeficiencia.guimaraes.pt\/index.php?rest_route=%2Fwp%2Fv2%2Fcomments&post=2373"}],"version-history":[{"count":1,"href":"https:\/\/forumdeficiencia.guimaraes.pt\/index.php?rest_route=\/wp\/v2\/posts\/2373\/revisions"}],"predecessor-version":[{"id":2375,"href":"https:\/\/forumdeficiencia.guimaraes.pt\/index.php?rest_route=\/wp\/v2\/posts\/2373\/revisions\/2375"}],"wp:featuredmedia":[{"embeddable":true,"href":"https:\/\/forumdeficiencia.guimaraes.pt\/index.php?rest_route=\/wp\/v2\/media\/2374"}],"wp:attachment":[{"href":"https:\/\/forumdeficiencia.guimaraes.pt\/index.php?rest_route=%2Fwp%2Fv2%2Fmedia&parent=2373"}],"wp:term":[{"taxonomy":"category","embeddable":true,"href":"https:\/\/forumdeficiencia.guimaraes.pt\/index.php?rest_route=%2Fwp%2Fv2%2Fcategories&post=2373"},{"taxonomy":"post_tag","embeddable":true,"href":"https:\/\/forumdeficiencia.guimaraes.pt\/index.php?rest_route=%2Fwp%2Fv2%2Ftags&post=2373"}],"curies":[{"name":"wp","href":"https:\/\/api.w.org\/{rel}","templated":true}]}}