{"id":2376,"date":"2023-01-16T20:12:43","date_gmt":"2023-01-16T20:12:43","guid":{"rendered":"http:\/\/forumdeficiencia.guimaraes.pt\/?p=2376"},"modified":"2023-01-16T20:12:43","modified_gmt":"2023-01-16T20:12:43","slug":"as-reisadas-regressam-a-apcg","status":"publish","type":"post","link":"https:\/\/forumdeficiencia.guimaraes.pt\/?p=2376","title":{"rendered":"As reisadas regressam \u00e0 APCG"},"content":{"rendered":"<p>Volvidos dois anos, 06 janeiro de 2023 marcou o regresso \u00e0 normalidade na Associa\u00e7\u00e3o de Paralisia Cerebral de Guimar\u00e3es porque foi dia de Cantar os Reis.<\/p>\n<p><!--more--><\/p>\n<p>O grupo de m\u00fasica do Centro de Atividades e Capacita\u00e7\u00e3o para a Inclus\u00e3o\u00a0(CACI) da institui\u00e7\u00e3o vimaranense animou a tarde e alegrou todas as pessoas presentes com o cumprimento desta tradi\u00e7\u00e3o.<\/p>\n\n\t\t<style type=\"text\/css\">\n\t\t\t#gallery-1 {\n\t\t\t\tmargin: auto;\n\t\t\t}\n\t\t\t#gallery-1 .gallery-item {\n\t\t\t\tfloat: left;\n\t\t\t\tmargin-top: 10px;\n\t\t\t\ttext-align: center;\n\t\t\t\twidth: 50%;\n\t\t\t}\n\t\t\t#gallery-1 img {\n\t\t\t\tborder: 2px solid #cfcfcf;\n\t\t\t}\n\t\t\t#gallery-1 .gallery-caption {\n\t\t\t\tmargin-left: 0;\n\t\t\t}\n\t\t\t\/* see gallery_shortcode() in wp-includes\/media.php *\/\n\t\t<\/style>\n\t\t<div id='gallery-1' class='gallery galleryid-2376 gallery-columns-2 gallery-size-large'><dl class='gallery-item'>\n\t\t\t<dt class='gallery-icon landscape'>\n\t\t\t\t<a href='https:\/\/forumdeficiencia.guimaraes.pt\/?attachment_id=2378'><img loading=\"lazy\" decoding=\"async\" width=\"1024\" height=\"768\" src=\"https:\/\/forumdeficiencia.guimaraes.pt\/wp-content\/uploads\/2023\/01\/reis_apcg-1024x768.jpg\" class=\"attachment-large size-large\" alt=\"\" srcset=\"https:\/\/forumdeficiencia.guimaraes.pt\/wp-content\/uploads\/2023\/01\/reis_apcg-1024x768.jpg 1024w, https:\/\/forumdeficiencia.guimaraes.pt\/wp-content\/uploads\/2023\/01\/reis_apcg-300x225.jpg 300w, https:\/\/forumdeficiencia.guimaraes.pt\/wp-content\/uploads\/2023\/01\/reis_apcg-768x576.jpg 768w, https:\/\/forumdeficiencia.guimaraes.pt\/wp-content\/uploads\/2023\/01\/reis_apcg.jpg 2048w\" sizes=\"auto, (max-width: 1024px) 100vw, 1024px\" \/><\/a>\n\t\t\t<\/dt><\/dl><dl class='gallery-item'>\n\t\t\t<dt class='gallery-icon landscape'>\n\t\t\t\t<a href='https:\/\/forumdeficiencia.guimaraes.pt\/?attachment_id=2379'><img loading=\"lazy\" decoding=\"async\" width=\"1024\" height=\"768\" src=\"https:\/\/forumdeficiencia.guimaraes.pt\/wp-content\/uploads\/2023\/01\/reis_apcg01-1024x768.jpg\" class=\"attachment-large size-large\" alt=\"\" srcset=\"https:\/\/forumdeficiencia.guimaraes.pt\/wp-content\/uploads\/2023\/01\/reis_apcg01-1024x768.jpg 1024w, https:\/\/forumdeficiencia.guimaraes.pt\/wp-content\/uploads\/2023\/01\/reis_apcg01-300x225.jpg 300w, https:\/\/forumdeficiencia.guimaraes.pt\/wp-content\/uploads\/2023\/01\/reis_apcg01-768x576.jpg 768w, https:\/\/forumdeficiencia.guimaraes.pt\/wp-content\/uploads\/2023\/01\/reis_apcg01.jpg 2048w\" sizes=\"auto, (max-width: 1024px) 100vw, 1024px\" \/><\/a>\n\t\t\t<\/dt><\/dl><br style=\"clear: both\" \/>\n\t\t<\/div>\n\n","protected":false},"excerpt":{"rendered":"<p>Volvidos dois anos, 06 janeiro de 2023 marcou o regresso \u00e0 normalidade na Associa\u00e7\u00e3o de Paralisia Cerebral de Guimar\u00e3es porque foi dia de Cantar os Reis.<\/p>\n","protected":false},"author":2,"featured_media":2377,"comment_status":"open","ping_status":"open","sticky":false,"template":"","format":"standard","meta":{"_monsterinsights_skip_tracking":false,"_monsterinsights_sitenote_active":false,"_monsterinsights_sitenote_note":"","_monsterinsights_sitenote_category":0,"footnotes":""},"categories":[3],"tags":[],"class_list":["post-2376","post","type-post","status-publish","format-standard","has-post-thumbnail","hentry","category-noticias"],"_links":{"self":[{"href":"https:\/\/forumdeficiencia.guimaraes.pt\/index.php?rest_route=\/wp\/v2\/posts\/2376","targetHints":{"allow":["GET"]}}],"collection":[{"href":"https:\/\/forumdeficiencia.guimaraes.pt\/index.php?rest_route=\/wp\/v2\/posts"}],"about":[{"href":"https:\/\/forumdeficiencia.guimaraes.pt\/index.php?rest_route=\/wp\/v2\/types\/post"}],"author":[{"embeddable":true,"href":"https:\/\/forumdeficiencia.guimaraes.pt\/index.php?rest_route=\/wp\/v2\/users\/2"}],"replies":[{"embeddable":true,"href":"https:\/\/forumdeficiencia.guimaraes.pt\/index.php?rest_route=%2Fwp%2Fv2%2Fcomments&post=2376"}],"version-history":[{"count":1,"href":"https:\/\/forumdeficiencia.guimaraes.pt\/index.php?rest_route=\/wp\/v2\/posts\/2376\/revisions"}],"predecessor-version":[{"id":2380,"href":"https:\/\/forumdeficiencia.guimaraes.pt\/index.php?rest_route=\/wp\/v2\/posts\/2376\/revisions\/2380"}],"wp:featuredmedia":[{"embeddable":true,"href":"https:\/\/forumdeficiencia.guimaraes.pt\/index.php?rest_route=\/wp\/v2\/media\/2377"}],"wp:attachment":[{"href":"https:\/\/forumdeficiencia.guimaraes.pt\/index.php?rest_route=%2Fwp%2Fv2%2Fmedia&parent=2376"}],"wp:term":[{"taxonomy":"category","embeddable":true,"href":"https:\/\/forumdeficiencia.guimaraes.pt\/index.php?rest_route=%2Fwp%2Fv2%2Fcategories&post=2376"},{"taxonomy":"post_tag","embeddable":true,"href":"https:\/\/forumdeficiencia.guimaraes.pt\/index.php?rest_route=%2Fwp%2Fv2%2Ftags&post=2376"}],"curies":[{"name":"wp","href":"https:\/\/api.w.org\/{rel}","templated":true}]}}