{"id":2388,"date":"2023-01-16T20:28:44","date_gmt":"2023-01-16T20:28:44","guid":{"rendered":"http:\/\/forumdeficiencia.guimaraes.pt\/?p=2388"},"modified":"2023-01-16T20:29:36","modified_gmt":"2023-01-16T20:29:36","slug":"primeira-edicao-do-correio-da-cercigui","status":"publish","type":"post","link":"https:\/\/forumdeficiencia.guimaraes.pt\/?p=2388","title":{"rendered":"Primeira edi\u00e7\u00e3o do Correio da Cercigui"},"content":{"rendered":"<p>O Correio da Cercigui \u00e9 um jornal totalmente feito pelos clientes e colaboradores da institui\u00e7\u00e3o vimaranense e j\u00e1 pode ser consultado no link <a href=\"http:\/\/bit.ly\/3k2Pf2E\">AQUI<\/a>.<\/p>\n<p><!--more--><\/p>\n<p>A escolha do nome, log\u00f3tipo, temas, textos, edi\u00e7\u00e3o s\u00e3o da responsabilidade de todos, agora respons\u00e1veis pela distribui\u00e7\u00e3o da publica\u00e7\u00e3o, tarefa que executam com orgulho.<\/p>\n<p>Al\u00e9m da edi\u00e7\u00e3o online, \u00e9 poss\u00edvel consultar o jornal em papel gra\u00e7as ao contributo da Costa Guerreiro cuja colabora\u00e7\u00e3o permitiu investir na impress\u00e3o.<\/p>\n","protected":false},"excerpt":{"rendered":"<p>O Correio da Cercigui \u00e9 um jornal totalmente feito pelos clientes e colaboradores da institui\u00e7\u00e3o vimaranense e j\u00e1 pode ser consultado no link AQUI.<\/p>\n","protected":false},"author":2,"featured_media":2389,"comment_status":"open","ping_status":"open","sticky":false,"template":"","format":"standard","meta":{"_monsterinsights_skip_tracking":false,"_monsterinsights_sitenote_active":false,"_monsterinsights_sitenote_note":"","_monsterinsights_sitenote_category":0,"footnotes":""},"categories":[3],"tags":[],"class_list":["post-2388","post","type-post","status-publish","format-standard","has-post-thumbnail","hentry","category-noticias"],"_links":{"self":[{"href":"https:\/\/forumdeficiencia.guimaraes.pt\/index.php?rest_route=\/wp\/v2\/posts\/2388","targetHints":{"allow":["GET"]}}],"collection":[{"href":"https:\/\/forumdeficiencia.guimaraes.pt\/index.php?rest_route=\/wp\/v2\/posts"}],"about":[{"href":"https:\/\/forumdeficiencia.guimaraes.pt\/index.php?rest_route=\/wp\/v2\/types\/post"}],"author":[{"embeddable":true,"href":"https:\/\/forumdeficiencia.guimaraes.pt\/index.php?rest_route=\/wp\/v2\/users\/2"}],"replies":[{"embeddable":true,"href":"https:\/\/forumdeficiencia.guimaraes.pt\/index.php?rest_route=%2Fwp%2Fv2%2Fcomments&post=2388"}],"version-history":[{"count":1,"href":"https:\/\/forumdeficiencia.guimaraes.pt\/index.php?rest_route=\/wp\/v2\/posts\/2388\/revisions"}],"predecessor-version":[{"id":2390,"href":"https:\/\/forumdeficiencia.guimaraes.pt\/index.php?rest_route=\/wp\/v2\/posts\/2388\/revisions\/2390"}],"wp:featuredmedia":[{"embeddable":true,"href":"https:\/\/forumdeficiencia.guimaraes.pt\/index.php?rest_route=\/wp\/v2\/media\/2389"}],"wp:attachment":[{"href":"https:\/\/forumdeficiencia.guimaraes.pt\/index.php?rest_route=%2Fwp%2Fv2%2Fmedia&parent=2388"}],"wp:term":[{"taxonomy":"category","embeddable":true,"href":"https:\/\/forumdeficiencia.guimaraes.pt\/index.php?rest_route=%2Fwp%2Fv2%2Fcategories&post=2388"},{"taxonomy":"post_tag","embeddable":true,"href":"https:\/\/forumdeficiencia.guimaraes.pt\/index.php?rest_route=%2Fwp%2Fv2%2Ftags&post=2388"}],"curies":[{"name":"wp","href":"https:\/\/api.w.org\/{rel}","templated":true}]}}