{"id":2569,"date":"2023-05-17T11:30:02","date_gmt":"2023-05-17T11:30:02","guid":{"rendered":"https:\/\/forumdeficiencia.guimaraes.pt\/?p=2569"},"modified":"2023-05-17T11:30:02","modified_gmt":"2023-05-17T11:30:02","slug":"caminhada-por-um-sonho-participe-e-apoie-viagem-a-disneylandia-paris","status":"publish","type":"post","link":"https:\/\/forumdeficiencia.guimaraes.pt\/?p=2569","title":{"rendered":"<strong>Caminhada por um Sonho: participe e apoie viagem \u00e0 Disneyl\u00e2ndia Paris<\/strong>"},"content":{"rendered":"\n<p>Inscreva-se na <a href=\"https:\/\/m.facebook.com\/photo.php?fbid=949627479346892&amp;id=100028989472920&amp;set=a.788740915435550&amp;eav=Afb-TmN0-jtNt5_tFuORzd5MZ2v52wkYl7CBsGSRrX-lCnX1cjrhVwHCIllvVzeUazM&amp;paipv=0&amp;source=57\">Caminhada por um Sonho<\/a>, organizada pelo Centro Social de Brito, com o apoio da Associa\u00e7\u00e3o Vimaranense de Hotelaria (AVH) e em parceira com o Munic\u00edpio de Guimar\u00e3es para ajudar a realizar o sonho dos jovens do Centro de Atividades e Capacita\u00e7\u00e3o para a Inclus\u00e3o e do Lar Residencial: uma viagem \u00e0 Disneyl\u00e2ndia Paris.<\/p>\n\n\n\n<!--more-->\n\n\n\n<p>Esta iniciativa realiza-se no dia 28 de maio, com ponto de encontro marcado no Largo do Toural a partir das 09h00. O trajeto desta caminhada, que visa criar la\u00e7os entre toda a comunidade vimaranense e a angaria\u00e7\u00e3o de fundos que permitam realizar este sonho dos jovens, ser\u00e1 feito pelas ruas da cidade e corresponde a um percurso aproximado de 5,5 quil\u00f3metros.<\/p>\n\n\n\n<p>Inscri\u00e7\u00f5es AQUI <a href=\"https:\/\/desporto.decathlon.pt\/...\/ativida...\/detalhes\/405902\">https:\/\/desporto.decathlon.pt\/&#8230;\/ativida&#8230;\/detalhes\/405902<\/a><\/p>\n\n\n\n<figure class=\"wp-block-embed\"><div class=\"wp-block-embed__wrapper\">\nhttps:\/\/m.facebook.com\/photo.php?fbid=949627479346892&#038;id=100028989472920&#038;set=a.788740915435550&#038;eav=Afb-TmN0-jtNt5_tFuORzd5MZ2v52wkYl7CBsGSRrX-lCnX1cjrhVwHCIllvVzeUazM&#038;paipv=0&#038;source=57\n<\/div><\/figure>\n\n\n\n<p>ou nos seguintes locais:<\/p>\n\n\n\n<p>Centro Social de Brito | P\u00f3lo do Para\u00edso | Est\u00fadio F&amp;M | Pevigel | Junta de Freguesia de Pevid\u00e9m | Loja das novidades Alexandrina, em Ronfe | Quiosque do Ave em Brito, na estrada nacional | Casa do Povo de Ferment\u00f5es | Curva, spa de Sa\u00fade em Guimar\u00e3es<\/p>\n","protected":false},"excerpt":{"rendered":"<p>Inscreva-se na Caminhada por um Sonho, organizada pelo Centro Social de Brito, com o apoio da Associa\u00e7\u00e3o Vimaranense de Hotelaria (AVH) e em parceira com o Munic\u00edpio de Guimar\u00e3es para ajudar a realizar o sonho dos jovens do Centro de Atividades e Capacita\u00e7\u00e3o para a Inclus\u00e3o e do Lar Residencial: uma viagem \u00e0 Disneyl\u00e2ndia Paris.<\/p>\n","protected":false},"author":2,"featured_media":2570,"comment_status":"open","ping_status":"open","sticky":false,"template":"","format":"standard","meta":{"_monsterinsights_skip_tracking":false,"_monsterinsights_sitenote_active":false,"_monsterinsights_sitenote_note":"","_monsterinsights_sitenote_category":0,"footnotes":""},"categories":[1],"tags":[],"class_list":["post-2569","post","type-post","status-publish","format-standard","has-post-thumbnail","hentry","category-uncategorized"],"_links":{"self":[{"href":"https:\/\/forumdeficiencia.guimaraes.pt\/index.php?rest_route=\/wp\/v2\/posts\/2569","targetHints":{"allow":["GET"]}}],"collection":[{"href":"https:\/\/forumdeficiencia.guimaraes.pt\/index.php?rest_route=\/wp\/v2\/posts"}],"about":[{"href":"https:\/\/forumdeficiencia.guimaraes.pt\/index.php?rest_route=\/wp\/v2\/types\/post"}],"author":[{"embeddable":true,"href":"https:\/\/forumdeficiencia.guimaraes.pt\/index.php?rest_route=\/wp\/v2\/users\/2"}],"replies":[{"embeddable":true,"href":"https:\/\/forumdeficiencia.guimaraes.pt\/index.php?rest_route=%2Fwp%2Fv2%2Fcomments&post=2569"}],"version-history":[{"count":1,"href":"https:\/\/forumdeficiencia.guimaraes.pt\/index.php?rest_route=\/wp\/v2\/posts\/2569\/revisions"}],"predecessor-version":[{"id":2571,"href":"https:\/\/forumdeficiencia.guimaraes.pt\/index.php?rest_route=\/wp\/v2\/posts\/2569\/revisions\/2571"}],"wp:featuredmedia":[{"embeddable":true,"href":"https:\/\/forumdeficiencia.guimaraes.pt\/index.php?rest_route=\/wp\/v2\/media\/2570"}],"wp:attachment":[{"href":"https:\/\/forumdeficiencia.guimaraes.pt\/index.php?rest_route=%2Fwp%2Fv2%2Fmedia&parent=2569"}],"wp:term":[{"taxonomy":"category","embeddable":true,"href":"https:\/\/forumdeficiencia.guimaraes.pt\/index.php?rest_route=%2Fwp%2Fv2%2Fcategories&post=2569"},{"taxonomy":"post_tag","embeddable":true,"href":"https:\/\/forumdeficiencia.guimaraes.pt\/index.php?rest_route=%2Fwp%2Fv2%2Ftags&post=2569"}],"curies":[{"name":"wp","href":"https:\/\/api.w.org\/{rel}","templated":true}]}}