{"id":2706,"date":"2023-11-03T17:45:25","date_gmt":"2023-11-03T17:45:25","guid":{"rendered":"https:\/\/forumdeficiencia.guimaraes.pt\/?p=2706"},"modified":"2023-11-03T17:45:25","modified_gmt":"2023-11-03T17:45:25","slug":"a-camara-municipal-de-guimaraes-assinala-o-dia-nacional-das-acessibilidades","status":"publish","type":"post","link":"https:\/\/forumdeficiencia.guimaraes.pt\/?p=2706","title":{"rendered":"<strong>A C\u00e2mara Municipal de Guimar\u00e3es assinala o Dia Nacional das Acessibilidades<\/strong>"},"content":{"rendered":"\n<p>A Associa\u00e7\u00e3o Salvador e a C\u00e2mara Municipal de Guimar\u00e3es celebraram o Dia Nacional das Acessibilidades, assinalado a 20 de outubro, com um webinar e um trabalho de sensibiliza\u00e7\u00e3o que assinala os locais acess\u00edveis e inacess\u00edveis do ponto de vista arquitet\u00f3nico, posteriormente, afixado num painel alusivo ao Dia Nacional das Acessibilidades.<\/p>\n\n\n\n<!--more-->\n\n\n\n<p>O webinar que ocorreu a 18 de outubro, contou com a participa\u00e7\u00e3o do presidente do Instituto Nacional de Reabilita\u00e7\u00e3o, I.P., Rodrigo Ramos, da coordenadora da Estrutura de Miss\u00e3o para a Promo\u00e7\u00e3o das Acessibilidades (EMPA), Lia Ferreira, da presidente do Instituto de Cidades com Mobilidade (ICVM), Paula Teles, e da C\u00e2mara Municipal de Cascais que, a par do Munic\u00edpio de Guimar\u00e3es, partilhou as boas pr\u00e1ticas da respetiva autarquia.<\/p>\n\n\n\n<p>Presidente do ICVM, que explorou o papel de uma Autarquia no s\u00e9culo XXI em prol da acessibilidade, inclus\u00e3o e mobilidade.<\/p>\n\n\n\n<p>O painel, composto por imagens da cidade de Guimar\u00e3es, contou com a colabora\u00e7\u00e3o dos clientes da CERCIGUI e do Projeto Sara Coutinho para a assinaza\u00e7\u00e3o dos locais acess\u00edveis e inacess\u00edveis do ponto de vista arquitet\u00f3nico e foi afixado na Escola EB 2,3 da Jo\u00e3o de Meira e inaugurado, no dia 24 de outubro, por uma Comitiva Romena que, a convite da UNICEF Portugal, destacou Guimar\u00e3es como uma Cidade Amiga das Crian\u00e7as, tornando-se este um momento de sensibiliza\u00e7\u00e3o da comunidade escolar para a problem\u00e1tica das acessibilidades, a par da partilha de boas pr\u00e1ticas locais.<\/p>\n\n\n\n<p>Esta data, promovida pela Associa\u00e7\u00e3o Salvador e promulgada pela Assembleia da Rep\u00fablica em 2021, tem o prop\u00f3sito de sensibilizar para a import\u00e2ncia de se criarem condi\u00e7\u00f5es de acessibilidade o que, por si s\u00f3, contribui para a promo\u00e7\u00e3o da inclus\u00e3o das pessoas com defici\u00eancia motora na sociedade.<\/p>\n","protected":false},"excerpt":{"rendered":"<p>A Associa\u00e7\u00e3o Salvador e a C\u00e2mara Municipal de Guimar\u00e3es celebraram o Dia Nacional das Acessibilidades, assinalado a 20 de outubro, com um webinar e um trabalho de sensibiliza\u00e7\u00e3o que assinala os locais acess\u00edveis e inacess\u00edveis do ponto de vista arquitet\u00f3nico, posteriormente, afixado num painel alusivo ao Dia Nacional das Acessibilidades.<\/p>\n","protected":false},"author":2,"featured_media":2707,"comment_status":"open","ping_status":"open","sticky":false,"template":"","format":"standard","meta":{"_monsterinsights_skip_tracking":false,"_monsterinsights_sitenote_active":false,"_monsterinsights_sitenote_note":"","_monsterinsights_sitenote_category":0,"footnotes":""},"categories":[1],"tags":[],"class_list":["post-2706","post","type-post","status-publish","format-standard","has-post-thumbnail","hentry","category-uncategorized"],"_links":{"self":[{"href":"https:\/\/forumdeficiencia.guimaraes.pt\/index.php?rest_route=\/wp\/v2\/posts\/2706","targetHints":{"allow":["GET"]}}],"collection":[{"href":"https:\/\/forumdeficiencia.guimaraes.pt\/index.php?rest_route=\/wp\/v2\/posts"}],"about":[{"href":"https:\/\/forumdeficiencia.guimaraes.pt\/index.php?rest_route=\/wp\/v2\/types\/post"}],"author":[{"embeddable":true,"href":"https:\/\/forumdeficiencia.guimaraes.pt\/index.php?rest_route=\/wp\/v2\/users\/2"}],"replies":[{"embeddable":true,"href":"https:\/\/forumdeficiencia.guimaraes.pt\/index.php?rest_route=%2Fwp%2Fv2%2Fcomments&post=2706"}],"version-history":[{"count":1,"href":"https:\/\/forumdeficiencia.guimaraes.pt\/index.php?rest_route=\/wp\/v2\/posts\/2706\/revisions"}],"predecessor-version":[{"id":2708,"href":"https:\/\/forumdeficiencia.guimaraes.pt\/index.php?rest_route=\/wp\/v2\/posts\/2706\/revisions\/2708"}],"wp:featuredmedia":[{"embeddable":true,"href":"https:\/\/forumdeficiencia.guimaraes.pt\/index.php?rest_route=\/wp\/v2\/media\/2707"}],"wp:attachment":[{"href":"https:\/\/forumdeficiencia.guimaraes.pt\/index.php?rest_route=%2Fwp%2Fv2%2Fmedia&parent=2706"}],"wp:term":[{"taxonomy":"category","embeddable":true,"href":"https:\/\/forumdeficiencia.guimaraes.pt\/index.php?rest_route=%2Fwp%2Fv2%2Fcategories&post=2706"},{"taxonomy":"post_tag","embeddable":true,"href":"https:\/\/forumdeficiencia.guimaraes.pt\/index.php?rest_route=%2Fwp%2Fv2%2Ftags&post=2706"}],"curies":[{"name":"wp","href":"https:\/\/api.w.org\/{rel}","templated":true}]}}