{"id":2815,"date":"2024-02-09T19:26:37","date_gmt":"2024-02-09T19:26:37","guid":{"rendered":"https:\/\/forumdeficiencia.guimaraes.pt\/?p=2815"},"modified":"2024-02-09T19:31:06","modified_gmt":"2024-02-09T19:31:06","slug":"guimaraes-recebe-o-campeonato-regional-de-boccia-regiao-norte","status":"publish","type":"post","link":"https:\/\/forumdeficiencia.guimaraes.pt\/?p=2815","title":{"rendered":"<strong>Guimar\u00e3es recebe o Campeonato Regional de Boccia Regi\u00e3o Norte<\/strong>"},"content":{"rendered":"\n<p>Foram 38 os atletas que, nos dias 27 e 28 de janeiro estiveram no Pavilh\u00e3o Multiusos de Guimar\u00e3es para disputar o Campeonato Regional de Boccia 2023-2024, Regi\u00e3o Norte, na categoria de Individuais BC1 (1\u00aa e 2\u00aa Divis\u00e3o), BC2 (1\u00aa e&nbsp;2\u00aa Divis\u00e3o), BC4 (1\u00aa Divis\u00e3o) e BC5 (1\u00aa Divis\u00e3o).<\/p>\n\n\n\n<!--more-->\n\n\n\n<p>Os atletas do Clube de Boccia da Associa\u00e7\u00e3o de Paralisia Cerebral de Guimar\u00e3es participaram nesta competi\u00e7\u00e3o tendo Miguel Gomes conquistado um lugar no p\u00f3dio ao arrecadar o 2.\u00ba lugar, enquanto que Cristiana Marques e Ana Vieira ficaram em 4.\u00ba lugar nas respetivas categorias e divis\u00f5es.<\/p>\n\n\n\n<p>Nesta competi\u00e7\u00e3o, uma vez mais organizada com o apoio do Munic\u00edpio de Guimar\u00e3es, foram ficaram apurados os campe\u00f5es regionais de cada divis\u00e3o.<\/p>\n\n\n\n<p>Nestes dois dias de jogos, os atletas em representa\u00e7\u00e3o de noves&nbsp;clubes tiveram oportunidade de lutar pela vit\u00f3ria nos jogos respetivos, mas no final da manh\u00e3 de domingo apenas tr\u00eas nas diferentes divis\u00f5es e categorias conseguiram conquistar os tr\u00eas lugares no p\u00f3dio.<\/p>\n\n\n\n<p>Cristiana Marques \u201cestava confiante que, desta vez, traria uma medalha\u201d e considerou que \u201ctinha todas as condi\u00e7\u00f5es para isso\u201d. \u201cNo primeiro dia consegui fazer o pleno tr\u00eas jogos tr\u00eas vit\u00f3rias, uma delas arrancada a ferros. No segundo dia na meia-final contra o Miguel n\u00e3o consegui levar a melhor talvez por n\u00e3o estar t\u00e3o descontra\u00edda quanto ele. Na discuss\u00e3o pelo 3 \u00ba e 4\u00ba comecei bem mas depois n\u00e3o consegui segurar a vantagem de tr\u00eas pontos e fui para o \u00faltimo parcial com o jogo empatado\u201d. Nesta altura fez tudo para conquistar o ponto mas \u201cna hora H\u201d, assume que sentiu que foi \u201cdominada pela ansiedade\u201d. \u201cO jogo ficou t\u00e3o f\u00e1cil de repente e eu tinha tr\u00eas oportunidades de acertar e eu n\u00e3o consegui\u201d, concluiu.<\/p>\n\n\n\n<p>Depois de refletir, a atleta vimaranense concluiu que lhe faltou \u201ca frieza que era necess\u00e1ria para sair vitoriosa&nbsp;daquele&nbsp;jogo\u201d.<\/p>\n\n\n\n<p><strong>\u201cDe uma forma geral considero o desempenho positivo embora hajam pontos que precisam de ser melhorados. Sei que, se conseguir ser mais forte em termos de gest\u00e3o de stress e ansiedade, vai ajudar o meu corpo a responder da melhor forma aos comandos que lhe s\u00e3o dados. E havendo um melhor controlo f\u00edsico a probabilidade de&nbsp;falhar&nbsp;diminui\u201d. Cristiana Marques<\/strong><\/p>\n\n\n\n<p>Apesar de ter ficado em 4\u00ba lugar Cristiana Marques considera que conseguiu o apuramento para o Campeonato Nacional Absoluto 2.\u00aa divis\u00e3o. \u201cTerei certeza quando sair o ranking oficial dos apurados\u201d, refere a atleta que ir\u00e1 tamb\u00e9m defender o t\u00edtulo de vice-campe\u00e3 nacional feminina (1\u00aa&nbsp;e&nbsp;2\u00aa&nbsp;divis\u00e3o).<\/p>\n\n\n\n<p>\u201cConseguir um 4.\u00ba lugar na categoria BC5 foi muito importante, pois nunca tinha participado numa competi\u00e7\u00e3o e ter sentido que consegui logo um 4\u00ba lugar na minha primeira vez a participar foi muito especial\u201d, referiu Ana Vieira, atleta do Clube de Boccia da APCG.<\/p>\n\n\n\n<p>Assume que cometeu alguns erros de principiante, mas o apoio dos familiares e amigos ajudou bastante a lidar com a press\u00e3o e a conseguir tirar prazer desta primeira competi\u00e7\u00e3o. \u201cO meu desempenho foi razo\u00e1vel, podia ter sido melhor se n\u00e3o tivesse falta de concentra\u00e7\u00e3o, mas n\u00e3o me correu muito mal\u201d, avalia Ana Vieira.&nbsp;<\/p>\n\n\n\n<p>No final, reteve o que considerou serem os principais aspetos a melhorar nesta fase: a concentra\u00e7\u00e3o e a aten\u00e7\u00e3o nas linhas para n\u00e3o cometer faltas sem esquecer que \u201ch\u00e1 muito trabalho que necessita ser feito\u201d. #Tenho muito a melhorar se quero ser a melhor na minha classe\u201d, afirma.&nbsp;<\/p>\n\n\n\n<p>Em entrevista com as atletas femininas do Clube da APCG o F\u00f3rum Municipal das Pessoas com Defici\u00eancia de Guimar\u00e3es ficou a saber o que as motiva, como se preparam para as competi\u00e7\u00f5es e como lidam com a press\u00e3o.<\/p>\n\n\n\n<p><strong>O que te motivou a participar neste campeonato?<\/strong><\/p>\n\n\n\n<p><strong>Cristiana Marques &#8211;<\/strong> A motiva\u00e7\u00e3o \u00e9 sempre a mesma, gosto pela modalidade, a intera\u00e7\u00e3o com outras pessoas, o dar a conhecer a modalidade a todos trazendo para fora o que de bem se faz dentro de uma institui\u00e7\u00e3o\u00a0como\u00a0a\u00a0APCG.<\/p>\n\n\n\n<p><strong>Ana Vieira &#8211;<\/strong> O que me motivou a participar no campeonato de boccia foi o facto de eu gostar muito de desporto e de competi\u00e7\u00e3o e para al\u00e9m disso o conv\u00edvio entre atletas nas horas livres entre jogos.\u00a0<\/p>\n\n\n\n<p><strong>Como te preparaste para esta competi\u00e7\u00e3o?<\/strong><\/p>\n\n\n\n<p><strong>Cristiana Marques &#8211; <\/strong>A prepara\u00e7\u00e3o para uma competi\u00e7\u00e3o \u00e9 feita durante o ano. \u00c9 o somat\u00f3rio de todo o trabalho que vai muito para l\u00e1 de um treino. Somos acompanhados por uma equipa multidisciplinar com Psicologia, Nutri\u00e7\u00e3o e Fisioterapia. N\u00e3o h\u00e1 nenhum procedimento especifico que fa\u00e7a antes de uma competi\u00e7\u00e3o propriamente dita a n\u00e3o\u00a0ser\u00a0descanso.<\/p>\n\n\n\n<p><strong>Ana Vieira &#8211;<\/strong> Com muito treino quer de gin\u00e1sio (muscula\u00e7\u00e3o) quer da pr\u00f3pria modalidade.\u00a0<\/p>\n\n\n\n<p><strong>Como lidaste com os desafios durante a competi\u00e7\u00e3o? Como lidaste com a press\u00e3o durante a competi\u00e7\u00e3o?<\/strong><\/p>\n\n\n\n<p><strong>Cristiana Marques &#8211;<\/strong> Com os desafios lido sempre bem. O mais dif\u00edcil continua a ser saber fazer a gest\u00e3o do stress e da ansiedade que pode ser gerada ao longo\u00a0de\u00a0um\u00a0jogo.<\/p>\n\n\n\n<p><strong>Ana Vieira &#8211;<\/strong> Lidei bem, pois acima de tudo ia l\u00e1 para me divertir, acabei por ganhar dois em cinco jogos.<\/p>\n\n\n\n<p>\u00a0<\/p>\n\n\n\n<p>Informa\u00e7\u00e3o sobre os resultados AQUI<a href=\"https:\/\/pcand.pt\/noticias\/campeonato-regional-de-boccia-guimaraes-2024\">https:\/\/pcand.pt\/noticias\/campeonato-regional-de-boccia-guimaraes-2024<\/a><\/p>\n\n\n\n<p>Cr\u00e9ditos da fotografia: Associa\u00e7\u00e3o de Paralisia Cerebral de Guimar\u00e3es<\/p>\n","protected":false},"excerpt":{"rendered":"<p>Foram 38 os atletas que, nos dias 27 e 28 de janeiro estiveram no Pavilh\u00e3o Multiusos de Guimar\u00e3es para disputar o Campeonato Regional de Boccia 2023-2024, Regi\u00e3o Norte, na categoria de Individuais BC1 (1\u00aa e 2\u00aa Divis\u00e3o), BC2 (1\u00aa e&nbsp;2\u00aa Divis\u00e3o), BC4 (1\u00aa Divis\u00e3o) e BC5 (1\u00aa Divis\u00e3o).<\/p>\n","protected":false},"author":2,"featured_media":2818,"comment_status":"open","ping_status":"open","sticky":false,"template":"","format":"standard","meta":{"_monsterinsights_skip_tracking":false,"_monsterinsights_sitenote_active":false,"_monsterinsights_sitenote_note":"","_monsterinsights_sitenote_category":0,"footnotes":""},"categories":[1],"tags":[],"class_list":["post-2815","post","type-post","status-publish","format-standard","has-post-thumbnail","hentry","category-uncategorized"],"_links":{"self":[{"href":"https:\/\/forumdeficiencia.guimaraes.pt\/index.php?rest_route=\/wp\/v2\/posts\/2815","targetHints":{"allow":["GET"]}}],"collection":[{"href":"https:\/\/forumdeficiencia.guimaraes.pt\/index.php?rest_route=\/wp\/v2\/posts"}],"about":[{"href":"https:\/\/forumdeficiencia.guimaraes.pt\/index.php?rest_route=\/wp\/v2\/types\/post"}],"author":[{"embeddable":true,"href":"https:\/\/forumdeficiencia.guimaraes.pt\/index.php?rest_route=\/wp\/v2\/users\/2"}],"replies":[{"embeddable":true,"href":"https:\/\/forumdeficiencia.guimaraes.pt\/index.php?rest_route=%2Fwp%2Fv2%2Fcomments&post=2815"}],"version-history":[{"count":3,"href":"https:\/\/forumdeficiencia.guimaraes.pt\/index.php?rest_route=\/wp\/v2\/posts\/2815\/revisions"}],"predecessor-version":[{"id":2820,"href":"https:\/\/forumdeficiencia.guimaraes.pt\/index.php?rest_route=\/wp\/v2\/posts\/2815\/revisions\/2820"}],"wp:featuredmedia":[{"embeddable":true,"href":"https:\/\/forumdeficiencia.guimaraes.pt\/index.php?rest_route=\/wp\/v2\/media\/2818"}],"wp:attachment":[{"href":"https:\/\/forumdeficiencia.guimaraes.pt\/index.php?rest_route=%2Fwp%2Fv2%2Fmedia&parent=2815"}],"wp:term":[{"taxonomy":"category","embeddable":true,"href":"https:\/\/forumdeficiencia.guimaraes.pt\/index.php?rest_route=%2Fwp%2Fv2%2Fcategories&post=2815"},{"taxonomy":"post_tag","embeddable":true,"href":"https:\/\/forumdeficiencia.guimaraes.pt\/index.php?rest_route=%2Fwp%2Fv2%2Ftags&post=2815"}],"curies":[{"name":"wp","href":"https:\/\/api.w.org\/{rel}","templated":true}]}}