{"id":2849,"date":"2024-03-04T21:50:21","date_gmt":"2024-03-04T21:50:21","guid":{"rendered":"https:\/\/forumdeficiencia.guimaraes.pt\/?p=2849"},"modified":"2024-03-04T21:50:21","modified_gmt":"2024-03-04T21:50:21","slug":"guimaraes-recebe-selo-de-merito-do-movimento-cuidar-dos-cuidadores-informais","status":"publish","type":"post","link":"https:\/\/forumdeficiencia.guimaraes.pt\/?p=2849","title":{"rendered":"<strong>Guimar\u00e3es recebe selo de m\u00e9rito do Movimento Cuidar dos Cuidadores informais<\/strong>"},"content":{"rendered":"\n<p>A&nbsp;3.\u00aa edi\u00e7\u00e3o da Rede de Autarquias que Cuidam dos Cuidadores Informais (RACCI)&nbsp;distinguiu projetos de 59 autarquias, entre os quais, o cons\u00f3rcio vimaranense \u201cGuimar\u00e3es, Concelho Cuidador\u201d, com o selo de m\u00e9rito do Movimento Cuidar dos Cuidadores informais.<\/p>\n\n\n\n<!--more-->\n\n\n\n<p>Este projeto tem como objetivo reconhecer os munic\u00edpios e as freguesias do territ\u00f3rio nacional com as melhores pr\u00e1ticas e as medidas de apoio em benef\u00edcio dos cuidadores informais e recebeu nesta edi\u00e7\u00e3o 66 candidaturas a esta distin\u00e7\u00e3o. \u201cAo longo das \u00faltimas tr\u00eas edi\u00e7\u00f5es desta iniciativa, s\u00e3o cada vez mais os projetos que t\u00eam conquistado reconhecimento, o que demonstra a aposta das autarquias locais nesta tem\u00e1tica. No total das edi\u00e7\u00f5es, s\u00e3o 125 os projetos premiados\u201d, l\u00ea-se no comunicado enviado ao F\u00f3rum Municipal das Pessoas com Defici\u00eancia de Guimar\u00e3es.<\/p>\n\n\n\n<p>A avalia\u00e7\u00e3o, mediante crit\u00e9rios previamente definidos em regulamento, foi realizada por um j\u00fari independente composto por membros do Movimento, nomeadamente, Catarina Alvarez, em representa\u00e7\u00e3o da Alzheimer Portugal, Celeste Campinho, presidente da Associa\u00e7\u00e3o das Doen\u00e7as da Tir\u00f3ide, Margarida Costa, em representa\u00e7\u00e3o da Liga Portuguesa Contra o Cancro, Palmira Martins, em representa\u00e7\u00e3o da RD Portugal e V\u00edtor Neves, presidente da EuropaColon.<\/p>\n\n\n\n<p>A formaliza\u00e7\u00e3o do cons\u00f3rcio \u201cGuimar\u00e3es, Concelho Cuidador\u201d \u2013 uma iniciativa coordenada pelo munic\u00edpio vimaranense e operacionalizada atrav\u00e9s de um Gabinete de Apoio ao Cuidador localizado na delega\u00e7\u00e3o de Guimar\u00e3es da Cruz Vermelha Portuguesa \u2013 aconteceu em fevereiro de 2021.<\/p>\n\n\n\n<p>Este programa pretende &#8220;agregar esfor\u00e7os e potenciar sinergias de todos os projetos e iniciativas que as entidades e associa\u00e7\u00f5es locais est\u00e3o a desenvolver nesta mat\u00e9ria, proporcionando-lhes os recursos e apoios necess\u00e1rios para a boa prossecu\u00e7\u00e3o da sua atividade&#8221;, salientou a Vereadora da A\u00e7\u00e3o Social, Paula Oliveira.<\/p>\n\n\n\n<p>As 23 organiza\u00e7\u00f5es que protocolaram este programa comprometeram-se a desenvolver v\u00e1rias atividades dirigidas aos cuidadores informais, disponibilizando, mais de 100 horas mensais, o que corresponde a cerca de 25 horas semanais de apoio especializado.<\/p>\n\n\n\n<p>S\u00e3o parceiros deste projeto as seguintes entidades: Delega\u00e7\u00e3o de Guimar\u00e3es da Cruz Vermelha Portuguesa, ACES Alto Ave, Agrupamento de Escolas Francisco de Holanda, Associa\u00e7\u00e3o Adaptar Vidas, Associa\u00e7\u00e3o de Defesa dos Direitos Humanos de Guimar\u00e3es, Associa\u00e7\u00e3o de Paralisia Cerebral de Guimar\u00e3es, ASPEV \u2013 Associa\u00e7\u00e3o Social de Pevid\u00e9m Vida a Cores, Because I Care &#8211; Associa\u00e7\u00e3o para Apoiar e Cuidar de Pessoas que Cuidam, CAISA &#8211; Cooperativa de Artes, Interven\u00e7\u00e3o Social e Anima\u00e7\u00e3o, Castreja &#8211; Cooperativa de Apoio Social e Cultural, Centro Juvenil de S. Jos\u00e9, Centro Paroquial de Vila Nova de Sande, Centro Social da Par\u00f3quia de Santa Eul\u00e1lia de Nespereira, Centro Social Nossa Senhora do Carmo, Fraterna \u2013 Centro Comunit\u00e1rio de Solidariedade e Integra\u00e7\u00e3o Social, Funda\u00e7\u00e3o Bomfim, Hospital da Senhora da Oliveira, Lar de Santa Estef\u00e2nia, Palavras Infinitas \u2013 N\u00facleo de Inclus\u00e3o, Comunica\u00e7\u00e3o e Media, Projeto Consigo e a Tempo Livre.<\/p>\n\n\n\n<p>Este projeto de coopera\u00e7\u00e3o continua a aceitar parceiros sociais interessados em dinamizar estas respostas relacionadas, essencialmente, com o apoio psicol\u00f3gico individual, grupos de ajuda m\u00fatua e sess\u00f5es de esclarecimento e de forma\u00e7\u00e3o.<\/p>\n\n\n\n<p>Esta iniciativa contou com o modelo de replica\u00e7\u00e3o do CASTIIS \u2013 Centro de Assist\u00eancia Social \u00e0 Terceira Idade e Inf\u00e2ncia de Sanguedo, que viu aprovado o projeto Cuidar de Quem Cuida como T\u00edtulo de Impacto Social (TIS), um dos quatro instrumentos de financiamento da iniciativa Portugal Inova\u00e7\u00e3o Social.<\/p>\n\n\n\n<p>Esta entidade de Santa Maria da Feira tem apoiado a implementa\u00e7\u00e3o do Programa \u201cGuimar\u00e3es Concelho Cuidador\u201d estando conclu\u00edda aa primeira fase deste projeto destinada \u00e0 capacita\u00e7\u00e3o dos t\u00e9cnicos das redes de interven\u00e7\u00e3o local.<\/p>\n\n\n\n<p>Para qualquer esclarecimento adicional contactar: <a href=\"mailto:gabineteapoiocuidador@cm-guimaraes.pt\">gabineteapoiocuidador@cm-guimaraes.pt<\/a><\/p>\n\n\n\n<p>Listagem de munic\u00edpios distinguidos nesta edi\u00e7\u00e3o do selo:<\/p>\n\n\n\n<p>Albufeira, Almada, Almagreira, Amadora, Amarante, Arruda dos Vinhos, Cabeceiras de Basto, \u00a0 Cantanhede, Cani\u00e7o, Carri\u00e7o, Castelo Branco, Celorico da Beira, Cinf\u00e3es, Coruche, Cuba, Espinho, \u00c9vora, Felgueiras, Gondomar, Guimar\u00e3es,\u00a0 \u00cdlhavo, Loures, Louri\u00e7al, Lousada, Machico, Mafra, Maia, Marco de Canaveses, Matosinhos, Mealhada, Miranda do Corvo, Mirandela, Montalegre, Moura, Nelas, Odemira, Oeiras, Our\u00e9m, Ovar, Paredes, Penafiel, Pombal, Portim\u00e3o, Porto, P\u00f3voa de Lanhoso, Queluz e Belas, Santa Maria da Feira, Santa Marta de Penagui\u00e3o, Santiago do Cac\u00e9m, S\u00e3o Pedro Fins, Sesimbra, Tavira, Trofa, Viana do Castelo, Vila Nova de Famalic\u00e3o, Vila Nova de Gaia, Vila Pouca de Aguiar, Vila Verde, Vouzela.<\/p>\n\n\n\n<p>Consultar a listagem de munic\u00edpios distinguidos nas tr\u00eas edi\u00e7\u00f5es <a href=\"https:\/\/movimentocuidadoresinformais.pt\/racci\/\">AQUI <\/a><\/p>\n\n\n\n<p>O Movimento Cuidar dos Cuidadores Informais foi lan\u00e7ado pela Merck Portugal em 2020, no seguimento de um projeto corporativo global, o \u201cEmbracing Carers\u201d e conta com dezenas de associa\u00e7\u00f5es portuguesas que t\u00eam como objetivo concretizar projetos capazes de ajudar, na pr\u00e1tica, quem cuida, seja do marido, da mulher, de um filho, do pai, da m\u00e3e.<\/p>\n","protected":false},"excerpt":{"rendered":"<p>A&nbsp;3.\u00aa edi\u00e7\u00e3o da Rede de Autarquias que Cuidam dos Cuidadores Informais (RACCI)&nbsp;distinguiu projetos de 59 autarquias, entre os quais, o cons\u00f3rcio vimaranense \u201cGuimar\u00e3es, Concelho Cuidador\u201d, com o selo de m\u00e9rito do Movimento Cuidar dos Cuidadores informais.<\/p>\n","protected":false},"author":2,"featured_media":2850,"comment_status":"open","ping_status":"open","sticky":false,"template":"","format":"standard","meta":{"_monsterinsights_skip_tracking":false,"_monsterinsights_sitenote_active":false,"_monsterinsights_sitenote_note":"","_monsterinsights_sitenote_category":0,"footnotes":""},"categories":[1],"tags":[],"class_list":["post-2849","post","type-post","status-publish","format-standard","has-post-thumbnail","hentry","category-uncategorized"],"_links":{"self":[{"href":"https:\/\/forumdeficiencia.guimaraes.pt\/index.php?rest_route=\/wp\/v2\/posts\/2849","targetHints":{"allow":["GET"]}}],"collection":[{"href":"https:\/\/forumdeficiencia.guimaraes.pt\/index.php?rest_route=\/wp\/v2\/posts"}],"about":[{"href":"https:\/\/forumdeficiencia.guimaraes.pt\/index.php?rest_route=\/wp\/v2\/types\/post"}],"author":[{"embeddable":true,"href":"https:\/\/forumdeficiencia.guimaraes.pt\/index.php?rest_route=\/wp\/v2\/users\/2"}],"replies":[{"embeddable":true,"href":"https:\/\/forumdeficiencia.guimaraes.pt\/index.php?rest_route=%2Fwp%2Fv2%2Fcomments&post=2849"}],"version-history":[{"count":1,"href":"https:\/\/forumdeficiencia.guimaraes.pt\/index.php?rest_route=\/wp\/v2\/posts\/2849\/revisions"}],"predecessor-version":[{"id":2851,"href":"https:\/\/forumdeficiencia.guimaraes.pt\/index.php?rest_route=\/wp\/v2\/posts\/2849\/revisions\/2851"}],"wp:featuredmedia":[{"embeddable":true,"href":"https:\/\/forumdeficiencia.guimaraes.pt\/index.php?rest_route=\/wp\/v2\/media\/2850"}],"wp:attachment":[{"href":"https:\/\/forumdeficiencia.guimaraes.pt\/index.php?rest_route=%2Fwp%2Fv2%2Fmedia&parent=2849"}],"wp:term":[{"taxonomy":"category","embeddable":true,"href":"https:\/\/forumdeficiencia.guimaraes.pt\/index.php?rest_route=%2Fwp%2Fv2%2Fcategories&post=2849"},{"taxonomy":"post_tag","embeddable":true,"href":"https:\/\/forumdeficiencia.guimaraes.pt\/index.php?rest_route=%2Fwp%2Fv2%2Ftags&post=2849"}],"curies":[{"name":"wp","href":"https:\/\/api.w.org\/{rel}","templated":true}]}}