{"id":2853,"date":"2024-03-28T09:43:44","date_gmt":"2024-03-28T09:43:44","guid":{"rendered":"https:\/\/forumdeficiencia.guimaraes.pt\/?p=2853"},"modified":"2024-04-02T05:18:42","modified_gmt":"2024-04-02T05:18:42","slug":"jogo-selecao-com-relato-inclusivo-gracas-a-aposta-na-acessibilidade","status":"publish","type":"post","link":"https:\/\/forumdeficiencia.guimaraes.pt\/?p=2853","title":{"rendered":"Portugal x Su\u00e9cia: Jogo da sele\u00e7\u00e3o com \u201crelato inclusivo\u201d gra\u00e7as \u00e0 aposta na acessibilidade"},"content":{"rendered":"\n<p>O jogo Portugal x Su\u00e9cia, que se realizou a 21 de mar\u00e7o, no Est\u00e1dio D. Afonso Henriques, em Guimar\u00e3es, foi mais inclusivo para as pessoas com defici\u00eancia e pessoas Surdas gra\u00e7as \u00e0 aposta na acessibilidade que a Federa\u00e7\u00e3o Portuguesa de Futebol tem vindo a fazer, em colabora\u00e7\u00e3o com a Access Lab.<\/p>\n\n\n\n<!--more-->\n\n\n\n<p>As bancadas do Est\u00e1dio do Vit\u00f3ria SC estiveram cheias de entusiastas de futebol ansiosos para verem as grandes estrelas do futebol portugu\u00eas frente \u00e0 sele\u00e7\u00e3o sueca que falhou a presen\u00e7a no Euro 2024 depois de ficar em terceiro lugar do Grupo F, atr\u00e1s da B\u00e9lgica e da \u00c1ustria.<\/p>\n\n\n\n<p><strong>\u201cO jogo foi uma experi\u00eancia totalmente nova para mim. Confesso que antes de entrar no Est\u00e1dio eu tinha questionado qual seria a diferen\u00e7a entre uma audiodescri\u00e7\u00e3o de futebol e um relato de futebol?\u201d Nuno Costa<\/strong><\/p>\n\n\n\n<p>Nuno Costa foi um dos adeptos a testemunhar a vit\u00f3ria da sele\u00e7\u00e3o nacional por 5-2, neste encontro de prepara\u00e7\u00e3o para o Campeonato da Europa de 2024 e a alterar a ideia que tinha do que seria um \u201crelato inclusivo\u201d ao vivo. \u201cA ideia que eu tinha \u00e9 que os relatos de futebol da r\u00e1dio j\u00e1 estariam bastante descritos e dariam para ter uma ideia bastante boa\u201d, come\u00e7a por dizer Nuno Costa, um jovem vimaranense com cegueira cong\u00e9nita. \u201cEnganei-me completamente. H\u00e1 uma descri\u00e7\u00e3o mais pormenorizada do recinto do est\u00e1dio, consegues ter uma ideia do que est\u00e1 a acontecer no est\u00e1dio, \u00e9 feita a descri\u00e7\u00e3o total da maneira como os jogadores est\u00e3o vestidos, qual \u00e9 o equipamento, com os detalhes sobre a roupa e padr\u00f5es\u201d, descreve.<\/p>\n\n\n\n<p>Nuno Costa considera que \u201co pr\u00f3prio jogo n\u00e3o \u00e9 muito mais do que um relato de futebol como se ouve na r\u00e1dio mas mais abrangente\u201d porque h\u00e1 essa preocupa\u00e7\u00e3o com a acessibilidade. \u201cDe grosso modo foi uma experi\u00eancia muito boa para mim\u201d.<\/p>\n\n\n\n<p><strong>\u201cIsto deveria ser feito noutros jogos porque \u00e9 uma coisa muito mais inclusiva e vai trazer muita gente aos est\u00e1dios\u201d. Nuno Costa<\/strong><\/p>\n\n\n\n<p>O jovem vimaranense adorou e considerou a experi\u00eancia \u201cirrepreens\u00edvel\u201d. \u201cO caminho \u00e9 longo, mas a tend\u00eancia \u00e9 realmente melhorar. Agora vejo que o acesso \u00e0 cultura pode realmente ser feito por todos. Uma coisa que me deixa muito feliz e me motiva a ir ao teatro, ver dan\u00e7a, ir ao futebol \u00e9 saber que vou estar l\u00e1 e vou ser parte integrante como qualquer outro espetador\u201d, remata Nuno Costa.<\/p>\n\n\n\n<p>A Access Lab, que aposta na acessibilidade das pessoas com defici\u00eancia e pessoas Surdas a eventos cultuarias e recreativos enquanto direito humano fundamental, ajudou a Federa\u00e7\u00e3o Nacional de Futebol a tornar este jogo da sele\u00e7\u00e3o nacional num exemplo de boas pr\u00e1ticas de acessibilidade e inclus\u00e3o.<\/p>\n\n\n\n<p>Para este jogo existiu uma p\u00e1gina de acessibilidade, lugares reservados a pessoas com mobilidade condicionada, coletes sensoriais para o p\u00fablico Surdo, audiodescri\u00e7\u00e3o para o p\u00fablico com defici\u00eancia visual, guias visuais e tamp\u00f5es para os ouvidos\u201d, enumerou a Access Lab ao F\u00f3rum Municipal das Pessoas com Defici\u00eancia de Guimar\u00e3es.<\/p>\n","protected":false},"excerpt":{"rendered":"<p>O jogo Portugal x Su\u00e9cia, que se realizou a 21 de mar\u00e7o, no Est\u00e1dio D. Afonso Henriques, em Guimar\u00e3es, foi mais inclusivo para as pessoas com defici\u00eancia e pessoas Surdas gra\u00e7as \u00e0 aposta na acessibilidade que a Federa\u00e7\u00e3o Portuguesa de Futebol tem vindo a fazer, em colabora\u00e7\u00e3o com a Access Lab.<\/p>\n","protected":false},"author":2,"featured_media":2855,"comment_status":"open","ping_status":"open","sticky":false,"template":"","format":"standard","meta":{"_monsterinsights_skip_tracking":false,"_monsterinsights_sitenote_active":false,"_monsterinsights_sitenote_note":"","_monsterinsights_sitenote_category":0,"footnotes":""},"categories":[1],"tags":[],"class_list":["post-2853","post","type-post","status-publish","format-standard","has-post-thumbnail","hentry","category-uncategorized"],"_links":{"self":[{"href":"https:\/\/forumdeficiencia.guimaraes.pt\/index.php?rest_route=\/wp\/v2\/posts\/2853","targetHints":{"allow":["GET"]}}],"collection":[{"href":"https:\/\/forumdeficiencia.guimaraes.pt\/index.php?rest_route=\/wp\/v2\/posts"}],"about":[{"href":"https:\/\/forumdeficiencia.guimaraes.pt\/index.php?rest_route=\/wp\/v2\/types\/post"}],"author":[{"embeddable":true,"href":"https:\/\/forumdeficiencia.guimaraes.pt\/index.php?rest_route=\/wp\/v2\/users\/2"}],"replies":[{"embeddable":true,"href":"https:\/\/forumdeficiencia.guimaraes.pt\/index.php?rest_route=%2Fwp%2Fv2%2Fcomments&post=2853"}],"version-history":[{"count":4,"href":"https:\/\/forumdeficiencia.guimaraes.pt\/index.php?rest_route=\/wp\/v2\/posts\/2853\/revisions"}],"predecessor-version":[{"id":2863,"href":"https:\/\/forumdeficiencia.guimaraes.pt\/index.php?rest_route=\/wp\/v2\/posts\/2853\/revisions\/2863"}],"wp:featuredmedia":[{"embeddable":true,"href":"https:\/\/forumdeficiencia.guimaraes.pt\/index.php?rest_route=\/wp\/v2\/media\/2855"}],"wp:attachment":[{"href":"https:\/\/forumdeficiencia.guimaraes.pt\/index.php?rest_route=%2Fwp%2Fv2%2Fmedia&parent=2853"}],"wp:term":[{"taxonomy":"category","embeddable":true,"href":"https:\/\/forumdeficiencia.guimaraes.pt\/index.php?rest_route=%2Fwp%2Fv2%2Fcategories&post=2853"},{"taxonomy":"post_tag","embeddable":true,"href":"https:\/\/forumdeficiencia.guimaraes.pt\/index.php?rest_route=%2Fwp%2Fv2%2Ftags&post=2853"}],"curies":[{"name":"wp","href":"https:\/\/api.w.org\/{rel}","templated":true}]}}