{"id":2864,"date":"2024-03-28T05:33:00","date_gmt":"2024-03-28T05:33:00","guid":{"rendered":"https:\/\/forumdeficiencia.guimaraes.pt\/?p=2864"},"modified":"2024-04-10T08:38:09","modified_gmt":"2024-04-10T08:38:09","slug":"atletas-da-cercigui-participaram-na-2-a-edicao-dos-trisome-games","status":"publish","type":"post","link":"https:\/\/forumdeficiencia.guimaraes.pt\/?p=2864","title":{"rendered":"<strong>Atletas da Cercigui participaram na 2.\u00aa edi\u00e7\u00e3o dos Trisome Games<\/strong>"},"content":{"rendered":"\n<p>Portugal conquistou em cinco dias de prova 42 medalhas (17 de ouro, 13 de prata e 12 de bronze) no maior evento desportivo mundial para atletas com S\u00edndrome de Down que se realizou em Ant\u00e1lia, na Turquia.<\/p>\n\n\n\n<!--more-->\n\n\n\n<p>Na 1\u00aa edi\u00e7\u00e3o dos Trisome Games, realizada em 2016 em Floren\u00e7a, It\u00e1lia, Portugal tinha conquistado 33 medalhas, um n\u00famero que conseguiu superar agora, numa participa\u00e7\u00e3o considerada brilhante e que n\u00e3o passou despercebida ao presidente da Rep\u00fablica, Marcelo Rebelo de Sousa, que felicitou todos os atletas que representaram Portugal nesta competi\u00e7\u00e3o.<\/p>\n\n\n\n<p>Marcelo Rebelo de Sousa n\u00e3o esqueceu os agradecimentos a todas as entidades que tornaram poss\u00edvel esta \u201cparticipa\u00e7\u00e3o de promo\u00e7\u00e3o e desenvolvimento do desporto para pessoas com defici\u00eancia\u201d: S\u00e3o elas a Federa\u00e7\u00e3o Portuguesa de Desporto para Pessoas com Defici\u00eancia (FPDD), a Associa\u00e7\u00e3o Nacional de Desporto para Desenvolvimento Intelectual (ANDDI-Portugal), assim como as restantes federa\u00e7\u00f5es das modalidades envolvidas de atletismo e nata\u00e7\u00e3o e respetivas equipas t\u00e9cnicas.<\/p>\n\n\n\n<p>Nelson Silva e Paulo Lemos integraram a Miss\u00e3o Portuguesa aos Trisome Games, competi\u00e7\u00e3o em que Portugal esteve representado, al\u00e9m do atletismo e nata\u00e7\u00e3o, nas modalidades de Futsal, Judo e T\u00e9nis de Mesa.<\/p>\n\n\n\n<p>Paulo Lemos no primeiro dia de provas arrecadou o ouro e no 2.\u00ba dia de provas conquistou a prata na prova de equipas mistas.<\/p>\n\n\n\n<p>No 3.\u00ba dia, deu-se o afastamento da equipa portuguesa de futsal, da qual faz parte Nelson Silva, numa de derrota por 2-1 frente ao M\u00e9xico, depois de Portugal ter sido derrotado pela It\u00e1lia (2-1) e o Brasil (9-1).<\/p>\n\n\n\n<p>Portugal terminou esta competi\u00e7\u00e3o em quarto lugar, tendo tamb\u00e9m o atletismo contribu\u00eddo para esta posi\u00e7\u00e3o ao conquistar 13 medalhas: duas de ouro, tr\u00eas de prata e oito de bronze. Nesta modalidade Nelson Silva na prova de Estafeta (4\u00d7100 masculino), arrecadou a medalha de bronze, juntamente com os seus companheiros de equipa: Jo\u00e3o Machado, Vasco Avelino e Lu\u00eds Gon\u00e7alves.<\/p>\n\n\n\n<figure class=\"wp-block-image size-large\"><img loading=\"lazy\" decoding=\"async\" width=\"1024\" height=\"768\" src=\"https:\/\/forumdeficiencia.guimaraes.pt\/wp-content\/uploads\/2024\/04\/games2024-1-1024x768.jpg\" alt=\"\" class=\"wp-image-2867\" srcset=\"https:\/\/forumdeficiencia.guimaraes.pt\/wp-content\/uploads\/2024\/04\/games2024-1-1024x768.jpg 1024w, https:\/\/forumdeficiencia.guimaraes.pt\/wp-content\/uploads\/2024\/04\/games2024-1-300x225.jpg 300w, https:\/\/forumdeficiencia.guimaraes.pt\/wp-content\/uploads\/2024\/04\/games2024-1-768x576.jpg 768w, https:\/\/forumdeficiencia.guimaraes.pt\/wp-content\/uploads\/2024\/04\/games2024-1-1536x1152.jpg 1536w, https:\/\/forumdeficiencia.guimaraes.pt\/wp-content\/uploads\/2024\/04\/games2024-1.jpg 1600w\" sizes=\"auto, (max-width: 1024px) 100vw, 1024px\" \/><\/figure>\n\n\n\n<p>Fotografias: ANDDI<\/p>\n","protected":false},"excerpt":{"rendered":"<p>Portugal conquistou em cinco dias de prova 42 medalhas (17 de ouro, 13 de prata e 12 de bronze) no maior evento desportivo mundial para atletas com S\u00edndrome de Down que se realizou em Ant\u00e1lia, na Turquia.<\/p>\n","protected":false},"author":2,"featured_media":2865,"comment_status":"open","ping_status":"open","sticky":false,"template":"","format":"standard","meta":{"_monsterinsights_skip_tracking":false,"_monsterinsights_sitenote_active":false,"_monsterinsights_sitenote_note":"","_monsterinsights_sitenote_category":0,"footnotes":""},"categories":[1],"tags":[],"class_list":["post-2864","post","type-post","status-publish","format-standard","has-post-thumbnail","hentry","category-uncategorized"],"_links":{"self":[{"href":"https:\/\/forumdeficiencia.guimaraes.pt\/index.php?rest_route=\/wp\/v2\/posts\/2864","targetHints":{"allow":["GET"]}}],"collection":[{"href":"https:\/\/forumdeficiencia.guimaraes.pt\/index.php?rest_route=\/wp\/v2\/posts"}],"about":[{"href":"https:\/\/forumdeficiencia.guimaraes.pt\/index.php?rest_route=\/wp\/v2\/types\/post"}],"author":[{"embeddable":true,"href":"https:\/\/forumdeficiencia.guimaraes.pt\/index.php?rest_route=\/wp\/v2\/users\/2"}],"replies":[{"embeddable":true,"href":"https:\/\/forumdeficiencia.guimaraes.pt\/index.php?rest_route=%2Fwp%2Fv2%2Fcomments&post=2864"}],"version-history":[{"count":3,"href":"https:\/\/forumdeficiencia.guimaraes.pt\/index.php?rest_route=\/wp\/v2\/posts\/2864\/revisions"}],"predecessor-version":[{"id":2887,"href":"https:\/\/forumdeficiencia.guimaraes.pt\/index.php?rest_route=\/wp\/v2\/posts\/2864\/revisions\/2887"}],"wp:featuredmedia":[{"embeddable":true,"href":"https:\/\/forumdeficiencia.guimaraes.pt\/index.php?rest_route=\/wp\/v2\/media\/2865"}],"wp:attachment":[{"href":"https:\/\/forumdeficiencia.guimaraes.pt\/index.php?rest_route=%2Fwp%2Fv2%2Fmedia&parent=2864"}],"wp:term":[{"taxonomy":"category","embeddable":true,"href":"https:\/\/forumdeficiencia.guimaraes.pt\/index.php?rest_route=%2Fwp%2Fv2%2Fcategories&post=2864"},{"taxonomy":"post_tag","embeddable":true,"href":"https:\/\/forumdeficiencia.guimaraes.pt\/index.php?rest_route=%2Fwp%2Fv2%2Ftags&post=2864"}],"curies":[{"name":"wp","href":"https:\/\/api.w.org\/{rel}","templated":true}]}}