{"id":2869,"date":"2024-03-28T05:39:51","date_gmt":"2024-03-28T05:39:51","guid":{"rendered":"https:\/\/forumdeficiencia.guimaraes.pt\/?p=2869"},"modified":"2024-04-02T05:40:58","modified_gmt":"2024-04-02T05:40:58","slug":"reuniao-do-forum-municipal-das-pessoas-com-deficiencia-2","status":"publish","type":"post","link":"https:\/\/forumdeficiencia.guimaraes.pt\/?p=2869","title":{"rendered":"Reuni\u00e3o do F\u00f3rum Municipal das Pessoas com Defici\u00eancia"},"content":{"rendered":"\n<p>No ano em que celebra duas d\u00e9cadas, o F\u00f3rum Municipal das Pessoas com Defici\u00eancia de Guimar\u00e3es reuniu a 13 de mar\u00e7o para continuar a definir o plano de atividades para o corrente ano.<\/p>\n\n\n\n<!--more-->\n\n\n\n<p>A reuni\u00e3o, que teve lugar na C\u00e2mara Municipal de Guimar\u00e3es foi presidida pela vereadora para a Coes\u00e3o Social da C\u00e2mara Municipal de Guimar\u00e3es, Paula Oliveira, e contou com a presen\u00e7a dos representantes das entidades que integram este \u00f3rg\u00e3o informal que luta pelos direitos das pessoas com defici\u00eancia e pela respetiva inclus\u00e3o social.<\/p>\n","protected":false},"excerpt":{"rendered":"<p>No ano em que celebra duas d\u00e9cadas, o F\u00f3rum Municipal das Pessoas com Defici\u00eancia de Guimar\u00e3es reuniu a 13 de mar\u00e7o para continuar a definir o plano de atividades para o corrente ano.<\/p>\n","protected":false},"author":2,"featured_media":2870,"comment_status":"open","ping_status":"open","sticky":false,"template":"","format":"standard","meta":{"_monsterinsights_skip_tracking":false,"_monsterinsights_sitenote_active":false,"_monsterinsights_sitenote_note":"","_monsterinsights_sitenote_category":0,"footnotes":""},"categories":[1],"tags":[],"class_list":["post-2869","post","type-post","status-publish","format-standard","has-post-thumbnail","hentry","category-uncategorized"],"_links":{"self":[{"href":"https:\/\/forumdeficiencia.guimaraes.pt\/index.php?rest_route=\/wp\/v2\/posts\/2869","targetHints":{"allow":["GET"]}}],"collection":[{"href":"https:\/\/forumdeficiencia.guimaraes.pt\/index.php?rest_route=\/wp\/v2\/posts"}],"about":[{"href":"https:\/\/forumdeficiencia.guimaraes.pt\/index.php?rest_route=\/wp\/v2\/types\/post"}],"author":[{"embeddable":true,"href":"https:\/\/forumdeficiencia.guimaraes.pt\/index.php?rest_route=\/wp\/v2\/users\/2"}],"replies":[{"embeddable":true,"href":"https:\/\/forumdeficiencia.guimaraes.pt\/index.php?rest_route=%2Fwp%2Fv2%2Fcomments&post=2869"}],"version-history":[{"count":1,"href":"https:\/\/forumdeficiencia.guimaraes.pt\/index.php?rest_route=\/wp\/v2\/posts\/2869\/revisions"}],"predecessor-version":[{"id":2871,"href":"https:\/\/forumdeficiencia.guimaraes.pt\/index.php?rest_route=\/wp\/v2\/posts\/2869\/revisions\/2871"}],"wp:featuredmedia":[{"embeddable":true,"href":"https:\/\/forumdeficiencia.guimaraes.pt\/index.php?rest_route=\/wp\/v2\/media\/2870"}],"wp:attachment":[{"href":"https:\/\/forumdeficiencia.guimaraes.pt\/index.php?rest_route=%2Fwp%2Fv2%2Fmedia&parent=2869"}],"wp:term":[{"taxonomy":"category","embeddable":true,"href":"https:\/\/forumdeficiencia.guimaraes.pt\/index.php?rest_route=%2Fwp%2Fv2%2Fcategories&post=2869"},{"taxonomy":"post_tag","embeddable":true,"href":"https:\/\/forumdeficiencia.guimaraes.pt\/index.php?rest_route=%2Fwp%2Fv2%2Ftags&post=2869"}],"curies":[{"name":"wp","href":"https:\/\/api.w.org\/{rel}","templated":true}]}}