{"id":2872,"date":"2024-03-28T08:26:49","date_gmt":"2024-03-28T08:26:49","guid":{"rendered":"https:\/\/forumdeficiencia.guimaraes.pt\/?p=2872"},"modified":"2024-04-02T08:31:37","modified_gmt":"2024-04-02T08:31:37","slug":"agenda-de-eventos-acessiveis","status":"publish","type":"post","link":"https:\/\/forumdeficiencia.guimaraes.pt\/?p=2872","title":{"rendered":"Agenda de eventos acess\u00edveis"},"content":{"rendered":"\n<p>Encontrar informa\u00e7\u00f5es sobre espet\u00e1culos culturais acess\u00edveis em Portugal nem sempre \u00e9 f\u00e1cil, mas existem alguns sites que se dedicam a reunir a programa\u00e7\u00e3o com audiodescri\u00e7\u00e3o, interpreta\u00e7\u00e3o em L\u00edngua Gestual Portuguesa e outras acomoda\u00e7\u00f5es necess\u00e1rias para que o p\u00fablico com necessidades espec\u00edficas desfrute de eventos culturais em pleno.<\/p>\n\n\n\n<!--more-->\n\n\n\n<p>Ambos os sites s\u00e3o recursos valiosos, no entanto, \u00e9 importante verificar regularmente esses sites, pois a programa\u00e7\u00e3o pode ser atualizada com novos eventos acess\u00edveis.<\/p>\n\n\n\n<p>A ANACED \u2013 Associa\u00e7\u00e3o Nacional de Arte e Criatividade de e para Pessoas com Defici\u00eancia tem como finalidade promover todas as express\u00f5es de arte e criatividade que direta ou indiretamente contribuam para o desenvolvimento global da pessoa com defici\u00eancia e sejam geradoras de modifica\u00e7\u00e3o das atitudes sociais face a esta problem\u00e1tica. <a href=\"https:\/\/anacedarte.wixsite.com\/anaced\/blank\" target=\"_blank\" rel=\"noreferrer noopener\">Agenda AQUI<\/a><\/p>\n\n\n\n<figure class=\"wp-block-embed\"><div class=\"wp-block-embed__wrapper\">\nhttps:\/\/anacedarte.wixsite.com\/anaced\/blank\n<\/div><\/figure>\n\n\n\n<p>A Acesso Cultura \u00e9 uma associa\u00e7\u00e3o cultural, sem fins lucrativos, que promove o acesso \u2013 f\u00edsico, social, intelectual \u2013 \u00e0 participa\u00e7\u00e3o cultural. <a href=\"https:\/\/www.cultura-acessivel.pt\/\" target=\"_blank\" rel=\"noreferrer noopener\">Agenda AQUI<\/a><\/p>\n\n\n\n<figure class=\"wp-block-embed\"><div class=\"wp-block-embed__wrapper\">\nhttps:\/\/www.cultura-acessivel.pt\/\n<\/div><\/figure>\n\n\n\n<p><strong>06 de ABRIL<\/strong> | 19h00 | <strong>Viana do Castelo<\/strong> | Teatro Municipal S\u00e1 de Miranda | Espet\u00e1culo <strong>&#8220;Guerra dos Sexos&#8221;<\/strong> com audiodescri\u00e7\u00e3o<\/p>\n\n\n\n<p>Reconhecimento de palco \u00e0s 18h<\/p>\n\n\n\n<p>Dura\u00e7\u00e3o prevista: 1h30m<\/p>\n\n\n\n<p>Informa\u00e7\u00f5es e reservas:&nbsp;<a href=\"tel:258823259\" target=\"_blank\" rel=\"noreferrer noopener\">258823259<\/a>&nbsp;(Chamada para a rede fixa nacional) \/&nbsp;<a href=\"mailto:geral@tmsm.pt\">geral@tmsm.pt<\/a><\/p>\n\n\n\n<p>Morada: R. de S\u00e1 de Miranda, Viana do Castelo<\/p>\n\n\n\n<p><strong>07 de abril<\/strong> | 16h00 | <strong>Amadora<\/strong> | Recreios da Amadora | Espet\u00e1culo&nbsp;<strong>&#8220;Ilusionistas&#8221; <\/strong>com audiodescri\u00e7\u00e3o<\/p>\n\n\n\n<p>Reconhecimento de palco \u00e0s 15h<\/p>\n\n\n\n<p>Dura\u00e7\u00e3o prevista: 70 minutos&nbsp;<\/p>\n\n\n\n<p>Informa\u00e7\u00f5es e reservas:&nbsp;<a href=\"mailto:teatrodosaloes@sapo.pt\">teatrodosaloes@sapo.pt<\/a>&nbsp;\/ 916 648 204<\/p>\n\n\n\n<p><strong>13 de ABRIL<\/strong> | 10h30 | <strong>Lisboa <\/strong>| Museu do Aljube&nbsp;| <strong>Visita guiada<\/strong> com audiodescri\u00e7\u00e3o<\/p>\n\n\n\n<p>Dura\u00e7\u00e3o da visita: 1h30m<\/p>\n\n\n\n<p>Cada visita \u00e9 apresentada por duas pessoas, uma audiodescritora e uma mediadora que ir\u00e3o apresentar diferentes pe\u00e7as e espa\u00e7os do museu com vista a uma maior acessibilidade por parte da pessoa com defici\u00eancia visual.<\/p>\n\n\n\n<p>Entrada livre, sujeita a inscri\u00e7\u00e3o em:&nbsp;<a href=\"mailto:inscricoes@museudoaljube.pt\">inscricoes@museudoaljube.pt<\/a><\/p>\n\n\n\n<p>Informa\u00e7\u00f5es e reservas: 215 818 535 \/&nbsp;<a href=\"mailto:inscricoes@museudoaljube.pt\">inscricoes@museudoaljube.pt<\/a>&nbsp;&nbsp;<\/p>\n\n\n\n<p>Morada do Museu do Aljube: Rua de Augusto Rosa, 42, Lisboa<\/p>\n\n\n\n<p>Transporte p\u00fabicos perto do Museu: El\u00e9trico 12 \/ El\u00e9trico 28 \/ Autocarro 737 \/ Metro \u2013 Esta\u00e7\u00f5es da Baixa Chiado e Terreiro do Pa\u00e7o<\/p>\n\n\n\n<p><strong>13 de ABRIL<\/strong> | 19h30 | <strong>Lisboa<\/strong> | Teatro do Bairro Alto | Espet\u00e1culo&nbsp;<strong>&#8220;Gui\u00e3o para um pa\u00eds poss\u00edvel&#8221;<\/strong>&nbsp;com audiodescri\u00e7\u00e3o<\/p>\n\n\n\n<p>Reconhecimento de palco \u00e0s 16h30m<\/p>\n\n\n\n<p>Dura\u00e7\u00e3o prevista: 1h30m<\/p>\n\n\n\n<p>Informa\u00e7\u00f5es e reservas:&nbsp;<a href=\"mailto:info@teatrodobairroalto.pt\">info@teatrodobairroalto.pt<\/a>&nbsp;\/ 218758001 (Chamada para a rede fixa nacional)<\/p>\n\n\n\n<p>Morada: Rua Tenente Raul Cascais 1A, 1250-268 Lisboa<\/p>\n\n\n\n<p><strong>13 de ABRIL<\/strong> | 11h00 | <strong>Lisboa<\/strong> | Casa Fernando Pessoa | <strong>visita orientada <\/strong>com audiodescri\u00e7\u00e3o<\/p>\n\n\n\n<p>Dura\u00e7\u00e3o da visita: 1h30m<\/p>\n\n\n\n<p>Esta visita \u00e9 feita pelo servi\u00e7o educativo da Casa Fernando Pessoa, tendo sido da responsabilidade da AR Produ\u00e7\u00f5es os conte\u00fados de audiodescri\u00e7\u00e3o utilizado no decorrer da visita.&nbsp;<\/p>\n\n\n\n<p>Informa\u00e7\u00f5es e Reservas: 213 913&nbsp;270 (Chamada para a rede fixa nacional)<\/p>\n\n\n\n<p>Morada: Rua Coelho da Rocha, 16-18<\/p>\n\n\n\n<p><strong>14 de ABRIL<\/strong> | 16h00 | <strong>Porto<\/strong> | Teatro Nacional S. Jo\u00e3o | Espet\u00e1culo <strong>&#8220;Fado Alexandrino&#8221; <\/strong>com audiodescri\u00e7\u00e3o<\/p>\n\n\n\n<p>Reconhecimento de palco \u00e0s 15h<\/p>\n\n\n\n<p>Dura\u00e7\u00e3o prevista: 3h40m (com intervalos)<\/p>\n\n\n\n<p>Informa\u00e7\u00f5es e reservas: 22 340 19 00 \/ 22 340 19 56 (Chamada para a rede fixa nacional) \/&nbsp;<a href=\"mailto:geral@tnsj.pt\">geral@tnsj.pt<\/a>&nbsp;\/&nbsp;<a href=\"mailto:relacoespublicas@tnsj.pt\">relacoespublicas@tnsj.pt<\/a><\/p>\n\n\n\n<p><strong>20 de ABRIL<\/strong> | 21h30 | <strong>Covilh\u00e3<\/strong> | Teatro Municipal da Covilh\u00e3 | Espet\u00e1culo <strong>&#8220;O Tamanho das Coisas&#8221;<\/strong> com audiodescri\u00e7\u00e3o<\/p>\n\n\n\n<p>Reconhecimento de palco: 20h30m<\/p>\n\n\n\n<p>Dura\u00e7\u00e3o do espect\u00e1culo: 55 minutos<\/p>\n\n\n\n<p>Informa\u00e7\u00f5es e reservas: 275 330 690 (Chamada para a rede fixa nacional)<\/p>\n\n\n\n<p>Morada:&nbsp;<a href=\"https:\/\/www.google.com\/maps\/place\/data=!4m2!3m1!1s0xd3d239794d026f1:0xd7b86a20ea9ee679?sa=X&amp;ved=1t:8290&amp;ictx=111\" target=\"_blank\" rel=\"noreferrer noopener\">R. Rui Faleiro 1, 6200-505 Covilh\u00e3<\/a><\/p>\n\n\n\n<p><strong>26 de ABRIL<\/strong> | 20h00 | <strong>Lisboa<\/strong> | Teatro Municipal S\u00e3o Luiz | Espet\u00e1culo <strong>&#8220;Quis saber quem sou&#8221;<\/strong> com audiodescri\u00e7\u00e3o<\/p>\n\n\n\n<p>Reconhecimento de palco \u00e0s 19h&nbsp;<\/p>\n\n\n\n<p>Informa\u00e7\u00f5es e reservas:&nbsp;<a href=\"mailto:nunosantos@egeac.pt\">nunosantos@egeac.pt<\/a><\/p>\n\n\n\n<p><strong>27 de ABRIL<\/strong> | 20h00 | <strong>Porto<\/strong> | Teatro Carlos Alberto | Espet\u00e1culo <strong>&#8220;O 25 Abril n\u00e3o aconteceu&#8221;<\/strong> com audiodescri\u00e7\u00e3o e interpreta\u00e7\u00e3o em LGP<\/p>\n\n\n\n<p>Reconhecimento de palco \u00e0s 18h<\/p>\n\n\n\n<p>Estreia a 11 de Abril<\/p>\n\n\n\n<p>Dura\u00e7\u00e3o prevista: 1h30m<\/p>\n\n\n\n<p>Informa\u00e7\u00f5es e reservas: 22 340 19 00 \/ 22 340 19 56 (Chamada para a rede fixa nacional) \/&nbsp;<a href=\"mailto:geral@tnsj.pt\">geral@tnsj.pt<\/a>&nbsp;\/&nbsp;<a href=\"mailto:relacoespublicas@tnsj.pt\">relacoespublicas@tnsj.pt<\/a><\/p>\n\n\n\n<p><strong>28 de ABRIL<\/strong> | 17h30 | <strong>Lisboa<\/strong> | Teatro Municipal S\u00e3o Luiz | Espet\u00e1culo <strong>&#8220;Quis saber quem sou&#8221;<\/strong> com audiodescri\u00e7\u00e3o<\/p>\n\n\n\n<p>Reconhecimento de palco \u00e0s 16h30m<\/p>\n\n\n\n<p>Informa\u00e7\u00f5es e reservas:&nbsp;<a href=\"mailto:nunosantos@egeac.pt\">nunosantos@egeac.pt<\/a><\/p>\n\n\n\n<p><strong>28 de ABRIL<\/strong> | 17h00 | <strong>Loul\u00e9 <\/strong>| Cine-Teatro Louletano | espect\u00e1culo de dan\u00e7a<strong>\u00a0&#8220;A \u00danica Censura que devemos censurar \u00e9 a Censura&#8221; <\/strong>com audiodescri\u00e7\u00e3o<\/p>\n\n\n\n<p>Reconhecimento de palco \u00e0s 16h<\/p>\n\n\n\n<p>Dura\u00e7\u00e3o prevista: 55 minutos<\/p>\n\n\n\n<p>Informa\u00e7\u00f5es e reservas:&nbsp;<a href=\"tel:%20+351%20289%20400%20820\" target=\"_blank\" rel=\"noreferrer noopener\">289 400 820<\/a>&nbsp;(Chamada para a rede fixa nacional) \/&nbsp;<a href=\"mailto:cinereservas@cm-loule.pt\">cinereservas@cm-loule.pt<\/a><\/p>\n\n\n\n<p>Morada: Rua Doutor Frutuoso da Silva, Loul\u00e9<\/p>\n\n\n\n<p><\/p>\n\n\n\n<p><strong>Servi\u00e7os de audiodescri\u00e7\u00e3o permanente:<\/strong><\/p>\n\n\n\n<p><strong>Eucaristia Dominical <\/strong>| Todos os domingos \u00e9 efetuada a audiodescri\u00e7\u00e3o da Eucaristia Dominical, emitida pela RTP.<\/p>\n\n\n\n<p><strong>Casa Fernando Pessoa<\/strong> | tem dispon\u00edvel visitas com audiodescri\u00e7\u00e3o e o servi\u00e7o de audiodescri\u00e7\u00e3o gravada &#8211; para visitas sem necessidade de agendamento ou de acompanhamento por parte do servi\u00e7o educativo.<\/p>\n\n\n\n<p><strong>Padr\u00e3o dos Descobrimentos<\/strong> | tem visitas com audiodescri\u00e7\u00e3o ao exterior do (fachada do monumento e Rosa dos Ventos)<\/p>\n\n\n\n<p><strong>Castelo de S\u00e3o Jorge<\/strong> | tem dispon\u00edvel visitas com audiodescri\u00e7\u00e3o e o servi\u00e7o de audiodescri\u00e7\u00e3o gravada &#8211; para visitas sem necessidade de agendamento ou de acompanhamento por parte do servi\u00e7o educativo.<\/p>\n\n\n\n<p><strong>Museu Bordalo Pinheiro<\/strong> | tem dispon\u00edvel visitas com audiodescri\u00e7\u00e3o e o servi\u00e7o de audiodescri\u00e7\u00e3o gravada &#8211; para visitas sem necessidade de agendamento ou de acompanhamento por parte do servi\u00e7o educativo.<\/p>\n","protected":false},"excerpt":{"rendered":"<p>Encontrar informa\u00e7\u00f5es sobre espet\u00e1culos culturais acess\u00edveis em Portugal nem sempre \u00e9 f\u00e1cil, mas existem alguns sites que se dedicam a reunir a programa\u00e7\u00e3o com audiodescri\u00e7\u00e3o, interpreta\u00e7\u00e3o em L\u00edngua Gestual Portuguesa e outras acomoda\u00e7\u00f5es necess\u00e1rias para que o p\u00fablico com necessidades espec\u00edficas desfrute de eventos culturais em pleno.<\/p>\n","protected":false},"author":2,"featured_media":2874,"comment_status":"open","ping_status":"open","sticky":false,"template":"","format":"standard","meta":{"_monsterinsights_skip_tracking":false,"_monsterinsights_sitenote_active":false,"_monsterinsights_sitenote_note":"","_monsterinsights_sitenote_category":0,"footnotes":""},"categories":[1],"tags":[],"class_list":["post-2872","post","type-post","status-publish","format-standard","has-post-thumbnail","hentry","category-uncategorized"],"_links":{"self":[{"href":"https:\/\/forumdeficiencia.guimaraes.pt\/index.php?rest_route=\/wp\/v2\/posts\/2872","targetHints":{"allow":["GET"]}}],"collection":[{"href":"https:\/\/forumdeficiencia.guimaraes.pt\/index.php?rest_route=\/wp\/v2\/posts"}],"about":[{"href":"https:\/\/forumdeficiencia.guimaraes.pt\/index.php?rest_route=\/wp\/v2\/types\/post"}],"author":[{"embeddable":true,"href":"https:\/\/forumdeficiencia.guimaraes.pt\/index.php?rest_route=\/wp\/v2\/users\/2"}],"replies":[{"embeddable":true,"href":"https:\/\/forumdeficiencia.guimaraes.pt\/index.php?rest_route=%2Fwp%2Fv2%2Fcomments&post=2872"}],"version-history":[{"count":1,"href":"https:\/\/forumdeficiencia.guimaraes.pt\/index.php?rest_route=\/wp\/v2\/posts\/2872\/revisions"}],"predecessor-version":[{"id":2873,"href":"https:\/\/forumdeficiencia.guimaraes.pt\/index.php?rest_route=\/wp\/v2\/posts\/2872\/revisions\/2873"}],"wp:featuredmedia":[{"embeddable":true,"href":"https:\/\/forumdeficiencia.guimaraes.pt\/index.php?rest_route=\/wp\/v2\/media\/2874"}],"wp:attachment":[{"href":"https:\/\/forumdeficiencia.guimaraes.pt\/index.php?rest_route=%2Fwp%2Fv2%2Fmedia&parent=2872"}],"wp:term":[{"taxonomy":"category","embeddable":true,"href":"https:\/\/forumdeficiencia.guimaraes.pt\/index.php?rest_route=%2Fwp%2Fv2%2Fcategories&post=2872"},{"taxonomy":"post_tag","embeddable":true,"href":"https:\/\/forumdeficiencia.guimaraes.pt\/index.php?rest_route=%2Fwp%2Fv2%2Ftags&post=2872"}],"curies":[{"name":"wp","href":"https:\/\/api.w.org\/{rel}","templated":true}]}}