{"id":2875,"date":"2024-03-28T08:39:29","date_gmt":"2024-03-28T08:39:29","guid":{"rendered":"https:\/\/forumdeficiencia.guimaraes.pt\/?p=2875"},"modified":"2024-04-02T10:45:05","modified_gmt":"2024-04-02T10:45:05","slug":"clientes-do-clipp-assistem-a-teatro-de-sombras","status":"publish","type":"post","link":"https:\/\/forumdeficiencia.guimaraes.pt\/?p=2875","title":{"rendered":"Clientes do CLIPP assistem a teatro de sombras"},"content":{"rendered":"\n<p>Um dos momentos altos do m\u00eas de mar\u00e7o para os clientes do Centro e Lar Inclusivos do Polo do Para\u00edso (CLIPP) do Centro Social de Brito foi a visita ao Museu Alberto Sampaio para assistirem ao Teatro de Sombras da Lenda da Oliveira e da Lenda do Cutileiro.<\/p>\n\n\n\n<!--more-->\n\n\n\n<p>O CLIPP considera que esta \u00e9 \u201cuma forma mais apelativa\u201d de conhecer as hist\u00f3rias e lendas de Guimar\u00e3es porque foi \u201cum momento de aten\u00e7\u00e3o, aprendizagem e tamb\u00e9m de divertimento\u201d.<\/p>\n","protected":false},"excerpt":{"rendered":"<p>Um dos momentos altos do m\u00eas de mar\u00e7o para os clientes do Centro e Lar Inclusivos do Polo do Para\u00edso (CLIPP) do Centro Social de Brito foi a visita ao Museu Alberto Sampaio para assistirem ao Teatro de Sombras da Lenda da Oliveira e da Lenda do Cutileiro.<\/p>\n","protected":false},"author":2,"featured_media":2876,"comment_status":"open","ping_status":"open","sticky":false,"template":"","format":"standard","meta":{"_monsterinsights_skip_tracking":false,"_monsterinsights_sitenote_active":false,"_monsterinsights_sitenote_note":"","_monsterinsights_sitenote_category":0,"footnotes":""},"categories":[1],"tags":[],"class_list":["post-2875","post","type-post","status-publish","format-standard","has-post-thumbnail","hentry","category-uncategorized"],"_links":{"self":[{"href":"https:\/\/forumdeficiencia.guimaraes.pt\/index.php?rest_route=\/wp\/v2\/posts\/2875","targetHints":{"allow":["GET"]}}],"collection":[{"href":"https:\/\/forumdeficiencia.guimaraes.pt\/index.php?rest_route=\/wp\/v2\/posts"}],"about":[{"href":"https:\/\/forumdeficiencia.guimaraes.pt\/index.php?rest_route=\/wp\/v2\/types\/post"}],"author":[{"embeddable":true,"href":"https:\/\/forumdeficiencia.guimaraes.pt\/index.php?rest_route=\/wp\/v2\/users\/2"}],"replies":[{"embeddable":true,"href":"https:\/\/forumdeficiencia.guimaraes.pt\/index.php?rest_route=%2Fwp%2Fv2%2Fcomments&post=2875"}],"version-history":[{"count":2,"href":"https:\/\/forumdeficiencia.guimaraes.pt\/index.php?rest_route=\/wp\/v2\/posts\/2875\/revisions"}],"predecessor-version":[{"id":2885,"href":"https:\/\/forumdeficiencia.guimaraes.pt\/index.php?rest_route=\/wp\/v2\/posts\/2875\/revisions\/2885"}],"wp:featuredmedia":[{"embeddable":true,"href":"https:\/\/forumdeficiencia.guimaraes.pt\/index.php?rest_route=\/wp\/v2\/media\/2876"}],"wp:attachment":[{"href":"https:\/\/forumdeficiencia.guimaraes.pt\/index.php?rest_route=%2Fwp%2Fv2%2Fmedia&parent=2875"}],"wp:term":[{"taxonomy":"category","embeddable":true,"href":"https:\/\/forumdeficiencia.guimaraes.pt\/index.php?rest_route=%2Fwp%2Fv2%2Fcategories&post=2875"},{"taxonomy":"post_tag","embeddable":true,"href":"https:\/\/forumdeficiencia.guimaraes.pt\/index.php?rest_route=%2Fwp%2Fv2%2Ftags&post=2875"}],"curies":[{"name":"wp","href":"https:\/\/api.w.org\/{rel}","templated":true}]}}