{"id":2878,"date":"2024-03-28T09:51:19","date_gmt":"2024-03-28T09:51:19","guid":{"rendered":"https:\/\/forumdeficiencia.guimaraes.pt\/?p=2878"},"modified":"2024-04-02T09:56:08","modified_gmt":"2024-04-02T09:56:08","slug":"equipa-de-boccia-do-clipp-qualifica-se-para-a-final-nacional","status":"publish","type":"post","link":"https:\/\/forumdeficiencia.guimaraes.pt\/?p=2878","title":{"rendered":"<strong>Equipa de Boccia do CLIPP qualifica-se para a final nacional<\/strong>"},"content":{"rendered":"\n<p>Os atletas da equipa de Boccia do Centro e Lar Inclusivos do Polo do Para\u00edso (CLIPP) do Centro Social de Brito conquistaram o primeiro lugar e a respetiva qualifica\u00e7\u00e3o para a Final do Nacional de Boccia Defici\u00eancia Intelectual.<\/p>\n\n\n\n<!--more-->\n\n\n\n<p>A equipa do CLIPP foi uma das quatro equipas em 30, no total, a conquistar esta qualifica\u00e7\u00e3o num apuramento que se realizou em Barcelos no \u00e2mbito do Zona de Qualifica\u00e7\u00e3o 1 do Norte do Campeonato Nacional de Boccia DI.<\/p>\n\n\n\n<p>A fase final do 2\u00ba Campeonato Nacional de Boccia DI realiza-se a 6 de julho de 2024 em Pombal.<\/p>\n","protected":false},"excerpt":{"rendered":"<p>Os atletas da equipa de Boccia do Centro e Lar Inclusivos do Polo do Para\u00edso (CLIPP) do Centro Social de Brito conquistaram o primeiro lugar e a respetiva qualifica\u00e7\u00e3o para a Final do Nacional de Boccia Defici\u00eancia Intelectual.<\/p>\n","protected":false},"author":2,"featured_media":2879,"comment_status":"open","ping_status":"open","sticky":false,"template":"","format":"standard","meta":{"_monsterinsights_skip_tracking":false,"_monsterinsights_sitenote_active":false,"_monsterinsights_sitenote_note":"","_monsterinsights_sitenote_category":0,"footnotes":""},"categories":[1],"tags":[],"class_list":["post-2878","post","type-post","status-publish","format-standard","has-post-thumbnail","hentry","category-uncategorized"],"_links":{"self":[{"href":"https:\/\/forumdeficiencia.guimaraes.pt\/index.php?rest_route=\/wp\/v2\/posts\/2878","targetHints":{"allow":["GET"]}}],"collection":[{"href":"https:\/\/forumdeficiencia.guimaraes.pt\/index.php?rest_route=\/wp\/v2\/posts"}],"about":[{"href":"https:\/\/forumdeficiencia.guimaraes.pt\/index.php?rest_route=\/wp\/v2\/types\/post"}],"author":[{"embeddable":true,"href":"https:\/\/forumdeficiencia.guimaraes.pt\/index.php?rest_route=\/wp\/v2\/users\/2"}],"replies":[{"embeddable":true,"href":"https:\/\/forumdeficiencia.guimaraes.pt\/index.php?rest_route=%2Fwp%2Fv2%2Fcomments&post=2878"}],"version-history":[{"count":1,"href":"https:\/\/forumdeficiencia.guimaraes.pt\/index.php?rest_route=\/wp\/v2\/posts\/2878\/revisions"}],"predecessor-version":[{"id":2880,"href":"https:\/\/forumdeficiencia.guimaraes.pt\/index.php?rest_route=\/wp\/v2\/posts\/2878\/revisions\/2880"}],"wp:featuredmedia":[{"embeddable":true,"href":"https:\/\/forumdeficiencia.guimaraes.pt\/index.php?rest_route=\/wp\/v2\/media\/2879"}],"wp:attachment":[{"href":"https:\/\/forumdeficiencia.guimaraes.pt\/index.php?rest_route=%2Fwp%2Fv2%2Fmedia&parent=2878"}],"wp:term":[{"taxonomy":"category","embeddable":true,"href":"https:\/\/forumdeficiencia.guimaraes.pt\/index.php?rest_route=%2Fwp%2Fv2%2Fcategories&post=2878"},{"taxonomy":"post_tag","embeddable":true,"href":"https:\/\/forumdeficiencia.guimaraes.pt\/index.php?rest_route=%2Fwp%2Fv2%2Ftags&post=2878"}],"curies":[{"name":"wp","href":"https:\/\/api.w.org\/{rel}","templated":true}]}}